{"id":16226,"date":"2022-06-28T09:52:52","date_gmt":"2022-06-28T09:52:52","guid":{"rendered":"https:\/\/rdnews.al\/?p=16226"},"modified":"2022-06-28T09:52:52","modified_gmt":"2022-06-28T09:52:52","slug":"lideret-e-g7-reagojne-ndaj-sulmit-rus-ne-qendren-tregtare-te-ukraines-krim-lufte","status":"publish","type":"post","link":"https:\/\/rdnews.al\/index.php\/2022\/06\/28\/lideret-e-g7-reagojne-ndaj-sulmit-rus-ne-qendren-tregtare-te-ukraines-krim-lufte\/","title":{"rendered":"Lider\u00ebt e G7 reagojn\u00eb ndaj sulmit rus n\u00eb qendr\u00ebn tregtare t\u00eb Ukrain\u00ebs: Krim lufte!"},"content":{"rendered":"<p><strong>T\u00eb pakt\u00ebn 18 persona u vran\u00eb nga nj\u00eb sulm rus me raketa n\u00eb nj\u00eb qend\u00ebr tregtare n\u00eb qytetin ukrainas Kremenchuk.<\/strong><\/p>\n<p>Rreth 1000 civil\u00eb vler\u00ebsohet se ishin brenda qendr\u00ebs n\u00eb koh\u00ebn e sulmit rreth or\u00ebs 15:50, tha presidenti Volodymyr Zelensky.<\/p>\n<p>Udh\u00ebheq\u00ebsit e grupit G7 t\u00eb shteteve m\u00eb t\u00eb pasura \u2013 t\u00eb cil\u00ebt jan\u00eb duke u mbajtur takim n\u00eb Gjermani \u2013 e d\u00ebnuan sulmin si \u201ct\u00eb neveritsh\u00ebm\u201d.<\/p>\n<p>\u201cSulmet pa dallim ndaj civil\u00ebve t\u00eb pafajsh\u00ebm p\u00ebrb\u00ebjn\u00eb nj\u00eb krim lufte\u201d, than\u00eb ata n\u00eb nj\u00eb deklarat\u00eb t\u00eb p\u00ebrbashk\u00ebt.<\/p>\n<p>Rusia \u00ebsht\u00eb faj\u00ebsuar p\u00ebr sulmin, i cili gjithashtu la t\u00eb plagosur t\u00eb pakt\u00ebn 59 persona dhe ka frik\u00eb se numri i t\u00eb vdekurve do t\u00eb vazhdoj\u00eb t\u00eb rritet.<\/p>\n","protected":false},"excerpt":{"rendered":"<p>T\u00eb pakt\u00ebn 18 persona u vran\u00eb nga nj\u00eb sulm rus me raketa n\u00eb nj\u00eb qend\u00ebr tregtare n\u00eb qytetin ukrainas Kremenchuk. Rreth 1000 civil\u00eb vler\u00ebsohet se ishin brenda qendr\u00ebs n\u00eb koh\u00ebn e sulmit rreth or\u00ebs 15:50, tha presidenti Volodymyr Zelensky. Udh\u00ebheq\u00ebsit e grupit G7 t\u00eb shteteve m\u00eb t\u00eb pasura \u2013 t\u00eb cil\u00ebt jan\u00eb duke u mbajtur &hellip;<\/p>\n","protected":false},"author":4,"featured_media":16227,"comment_status":"open","ping_status":"open","sticky":false,"template":"","format":"standard","meta":{"footnotes":""},"categories":[38],"tags":[],"class_list":["post-16226","post","type-post","status-publish","format-standard","has-post-thumbnail","","category-bota"],"_links":{"self":[{"href":"https:\/\/rdnews.al\/index.php\/wp-json\/wp\/v2\/posts\/16226","targetHints":{"allow":["GET"]}}],"collection":[{"href":"https:\/\/rdnews.al\/index.php\/wp-json\/wp\/v2\/posts"}],"about":[{"href":"https:\/\/rdnews.al\/index.php\/wp-json\/wp\/v2\/types\/post"}],"author":[{"embeddable":true,"href":"https:\/\/rdnews.al\/index.php\/wp-json\/wp\/v2\/users\/4"}],"replies":[{"embeddable":true,"href":"https:\/\/rdnews.al\/index.php\/wp-json\/wp\/v2\/comments?post=16226"}],"version-history":[{"count":0,"href":"https:\/\/rdnews.al\/index.php\/wp-json\/wp\/v2\/posts\/16226\/revisions"}],"wp:featuredmedia":[{"embeddable":true,"href":"https:\/\/rdnews.al\/index.php\/wp-json\/wp\/v2\/media\/16227"}],"wp:attachment":[{"href":"https:\/\/rdnews.al\/index.php\/wp-json\/wp\/v2\/media?parent=16226"}],"wp:term":[{"taxonomy":"category","embeddable":true,"href":"https:\/\/rdnews.al\/index.php\/wp-json\/wp\/v2\/categories?post=16226"},{"taxonomy":"post_tag","embeddable":true,"href":"https:\/\/rdnews.al\/index.php\/wp-json\/wp\/v2\/tags?post=16226"}],"curies":[{"name":"wp","href":"https:\/\/api.w.org\/{rel}","templated":true}]}}