{"id":16268,"date":"2022-06-28T12:32:19","date_gmt":"2022-06-28T12:32:19","guid":{"rendered":"https:\/\/rdnews.al\/?p=16268"},"modified":"2022-06-28T12:32:19","modified_gmt":"2022-06-28T12:32:19","slug":"protesta-e-7-korrikut-berisha-thirrje-per-mobilizim-te-te-gjithe-shoqerise-dhe-strukturave","status":"publish","type":"post","link":"https:\/\/rdnews.al\/index.php\/2022\/06\/28\/protesta-e-7-korrikut-berisha-thirrje-per-mobilizim-te-te-gjithe-shoqerise-dhe-strukturave\/","title":{"rendered":"Protesta e 7 korrikut, Berisha thirrje p\u00ebr mobilizim t\u00eb t\u00eb gjith\u00eb shoq\u00ebris\u00eb dhe strukturave"},"content":{"rendered":"<p>Kryetari i Partis\u00eb Demokratike, Sali Berisha u shpreh sot se nj\u00eb koalicion i madh do t\u00eb dal\u00eb p\u00ebr t\u00eb protestuar n\u00eb 7 korrik n\u00eb or\u00ebn 19:00 n\u00eb Tiran\u00eb.<\/p>\n<p>Duke folur n\u00eb mbledhjen e kryesis\u00eb s\u00eb PD-s\u00eb, Berisha sulmoi s\u00ebrish bordet e ngritura nga qeveria p\u00ebr p\u00ebrcaktimin e \u00e7mimeve tavan t\u00eb karburantit dhe ushqimeve.<\/p>\n<p>\u201cProtesta e 7 korrikut ka nj\u00eb r\u00ebnd\u00ebsi shum\u00eb t\u00eb madhe jo si nj\u00eb protest\u00eb e PD-s\u00eb, por si nj\u00eb protest\u00eb e mbar\u00eb qytetar\u00ebve shqiptar\u00eb. Nuk ka dyshim se roli i PD-s\u00eb n\u00eb organizimin e k\u00ebsaj proteste \u00ebsht\u00eb p\u00ebrcaktues, por PD shkon drejt k\u00ebsaj proteste me nj\u00eb koalicion t\u00eb gjer\u00eb me shoq\u00ebrin\u00eb civile, personalitete publike dhe forca politike opozitare t\u00eb v\u00ebrteta parlamentare dhe jasht\u00eb parlamentare\u201d, tha Berisha.<\/p>\n<p>Sipas tij \u201cNuk ka dyshim se problemi m\u00eb kryesor \u00ebsht\u00eb nj\u00eb lak n\u00eb fytin e shqiptar\u00ebve q\u00eb po shtr\u00ebngohet \u00e7do dit\u00eb e m\u00eb shum\u00eb nga \u00e7mimet stratosferike t\u00eb bordeve komuniste t\u00eb qeveris\u00eb s\u00eb Edi Ram\u00ebs. Un\u00eb mund tu them shqiptar\u00ebve se bordet p\u00ebr llogari t\u00eb qeveris\u00eb dhe t\u00eb oligark\u00ebve jan\u00eb shnd\u00ebrruar n\u00eb nj\u00eb mekaniz\u00ebm gjakpir\u00ebs, t\u00eb cil\u00ebt rrisin \u00e7mimet jasht\u00eb \u00e7do lloj logjike tregu. Dy dit\u00eb m\u00eb par\u00eb fu\u00e7ia e naft\u00ebs n\u00eb burs\u00eb ka qene 108 dollar\u00eb, nafta n\u00eb treg ka qen\u00eb mbi 2600 lek\u00eb. Nj\u00eb muaj m\u00eb par\u00eb kur fu\u00e7ia e naft\u00ebs ishte 108 dollar\u00eb, \u00e7mimi i naft\u00ebs n\u00eb tregun shqiptar ishte 2240 lek\u00eb. Bordet jan\u00eb b\u00ebr\u00eb z\u00ebdh\u00ebn\u00ebse t\u00eb nj\u00eb shfryt\u00ebzimi t\u00eb eg\u00ebr t\u00eb  qytetar\u00ebve shqiptar\u00eb\u201d.<\/p>\n","protected":false},"excerpt":{"rendered":"<p>Kryetari i Partis\u00eb Demokratike, Sali Berisha u shpreh sot se nj\u00eb koalicion i madh do t\u00eb dal\u00eb p\u00ebr t\u00eb protestuar n\u00eb 7 korrik n\u00eb or\u00ebn 19:00 n\u00eb Tiran\u00eb. Duke folur n\u00eb mbledhjen e kryesis\u00eb s\u00eb PD-s\u00eb, Berisha sulmoi s\u00ebrish bordet e ngritura nga qeveria p\u00ebr p\u00ebrcaktimin e \u00e7mimeve tavan t\u00eb karburantit dhe ushqimeve. \u201cProtesta e &hellip;<\/p>\n","protected":false},"author":5,"featured_media":16269,"comment_status":"open","ping_status":"open","sticky":false,"template":"","format":"standard","meta":{"footnotes":""},"categories":[37],"tags":[],"class_list":["post-16268","post","type-post","status-publish","format-standard","has-post-thumbnail","","category-politike"],"_links":{"self":[{"href":"https:\/\/rdnews.al\/index.php\/wp-json\/wp\/v2\/posts\/16268","targetHints":{"allow":["GET"]}}],"collection":[{"href":"https:\/\/rdnews.al\/index.php\/wp-json\/wp\/v2\/posts"}],"about":[{"href":"https:\/\/rdnews.al\/index.php\/wp-json\/wp\/v2\/types\/post"}],"author":[{"embeddable":true,"href":"https:\/\/rdnews.al\/index.php\/wp-json\/wp\/v2\/users\/5"}],"replies":[{"embeddable":true,"href":"https:\/\/rdnews.al\/index.php\/wp-json\/wp\/v2\/comments?post=16268"}],"version-history":[{"count":0,"href":"https:\/\/rdnews.al\/index.php\/wp-json\/wp\/v2\/posts\/16268\/revisions"}],"wp:featuredmedia":[{"embeddable":true,"href":"https:\/\/rdnews.al\/index.php\/wp-json\/wp\/v2\/media\/16269"}],"wp:attachment":[{"href":"https:\/\/rdnews.al\/index.php\/wp-json\/wp\/v2\/media?parent=16268"}],"wp:term":[{"taxonomy":"category","embeddable":true,"href":"https:\/\/rdnews.al\/index.php\/wp-json\/wp\/v2\/categories?post=16268"},{"taxonomy":"post_tag","embeddable":true,"href":"https:\/\/rdnews.al\/index.php\/wp-json\/wp\/v2\/tags?post=16268"}],"curies":[{"name":"wp","href":"https:\/\/api.w.org\/{rel}","templated":true}]}}