{"id":16277,"date":"2022-06-28T12:37:32","date_gmt":"2022-06-28T12:37:32","guid":{"rendered":"https:\/\/rdnews.al\/?p=16277"},"modified":"2022-06-28T12:37:32","modified_gmt":"2022-06-28T12:37:32","slug":"fronti-per-shpetimin-e-shqiperise-ne-krye-te-protestes","status":"publish","type":"post","link":"https:\/\/rdnews.al\/index.php\/2022\/06\/28\/fronti-per-shpetimin-e-shqiperise-ne-krye-te-protestes\/","title":{"rendered":"Fronti p\u00ebr shp\u00ebtimin e Shqip\u00ebris\u00eb n\u00eb krye t\u00eb protest\u00ebs"},"content":{"rendered":"<p>Kryetari i PD-s\u00eb, Sali Berisha deklaroi sot se Fronti p\u00ebr shp\u00ebtimin e Shqip\u00ebris\u00eb do t\u00eb drejtoj\u00eb protest\u00ebn e 7 korrikut.<\/p>\n<p>Duke folur n\u00eb mbledhjen e kryesis\u00eb ai u shpreh se pret q\u00eb t\u00eb gjitha partit\u00eb opozitare ti bashkohen protest\u00ebs.<\/p>\n<p>Pjes\u00eb nga fjala e Berish\u00ebs<br \/>\nVet\u00ebm nga tvsh e \u00e7mimeve t\u00eb rritura qeveria ka p\u00ebrfituar 340 milion\u00eb euro. Jo vet\u00ebm q\u00eb nuk ua ka kthyer qytetar\u00ebve t\u00eb pakt\u00ebn gjysm\u00ebn e tyre, por ka ulur me 2% ndihm\u00ebn ekonomike t\u00eb familjeve n\u00eb nevoj\u00eb. Kemi t\u00eb b\u00ebjm\u00eb me nj\u00eb qeveri e cila nuk ka asnj\u00eb moral dhe q\u00eb merr \u00e7do vendim sikur ky popull nuk ushqehet, nuk vishet, nuk l\u00ebviz. \u00cbsht\u00eb v\u00ebrsulur tani me paket\u00ebn e re fiskale mbi bizneset p\u00ebr ti falimentuar ato masivisht.<\/p>\n<p>Kemi t\u00eb b\u00ebjm\u00eb me nj\u00eb gjendje dramatike, reale, p\u00ebr kafshat\u00ebn e goj\u00ebs s\u00eb qytetar\u00ebve shqiptar\u00eb. Kurse k\u00ebta vazhdojn\u00eb qeverisin pa asnj\u00eb preokupim. Pasi ka futur t\u00eb gjitha pushtetet n\u00eb xhep, Rama nuk komunikon me njer\u00ebzit, komunikon me qiellin. \u00c7do dit\u00eb d\u00ebgjon p\u00ebr vendime e ligje t\u00eb pakonsultura me qytetar\u00ebt, por vet\u00ebm me zyrat e PS-s\u00eb, as me elektoratin as me an\u00ebtar\u00ebsin\u00eb socialiste.<\/p>\n<p>Edi Rama p\u00ebrdori nj\u00eb gjuh\u00eb ordineri, gjuh\u00eb t\u00eb cil\u00ebn mund ta p\u00ebrdor Putin apo Lukashenko, ndaj udh\u00ebheq\u00ebsve t\u00eb BE-s\u00eb, sepse t\u00eb gjitha i ka porosi t\u00eb Beogradit. Sulmoi Bullgarin\u00eb, nj\u00eb vend mik. Nuk e lidh asgj\u00eb sulmin e tij ndaj Bullgaris\u00eb me shqiptar\u00ebt. Po g\u00ebrshetohen t\u00eb gjith\u00eb faktor\u00ebt, t\u00eb cil\u00ebt e b\u00ebjn\u00eb k\u00ebt\u00eb qeveri kryek\u00ebput \u00e7njer\u00ebzore, nj\u00eb qeveri q\u00eb nuk ia ndjen p\u00ebr qytetar\u00ebt e vet. Kjo qeveri interesohet m\u00eb shum\u00eb p\u00ebr interesat e Beogradit sepsa p\u00ebr qytetar\u00ebt e Shqip\u00ebris\u00eb. Ka nj\u00eb klim\u00eb shum\u00eb positive te qytetar\u00ebt p\u00ebr protest\u00ebn. Shoq\u00ebria civile \u00ebsht\u00eb e gjitha n\u00eb k\u00ebmb\u00eb p\u00ebr t\u00eb dh\u00ebn\u00eb kontributin e saj. Protest\u00ebn e drejton tani Fronti p\u00ebr Shp\u00ebtimin e Shqip\u00ebrin\u00eb. Kam besim se t\u00eb gjitha partit\u00eb opozitare do ti bashkohen protest\u00ebs. T\u00eb gjith\u00eb drejtuesve u bie detyra t\u00eb zbrisni n\u00eb \u00e7do grupseksion p\u00ebr t\u00eb b\u00ebr\u00eb mobilizimin maksimal p\u00ebr k\u00ebt\u00eb protest. Kjo protest\u00eb thirret n\u00eb nj\u00eb koh\u00eb kur vendi ka tashm\u00eb opozit\u00ebn e v\u00ebrtet\u00eb. Nuk ka m\u00eb as manipulime, dhe as gj\u00eb tjet\u00ebr. Ka vet\u00ebm mbrojtje t\u00eb intersave t\u00eb qytetar\u00ebve.<\/p>\n","protected":false},"excerpt":{"rendered":"<p>Kryetari i PD-s\u00eb, Sali Berisha deklaroi sot se Fronti p\u00ebr shp\u00ebtimin e Shqip\u00ebris\u00eb do t\u00eb drejtoj\u00eb protest\u00ebn e 7 korrikut. Duke folur n\u00eb mbledhjen e kryesis\u00eb ai u shpreh se pret q\u00eb t\u00eb gjitha partit\u00eb opozitare ti bashkohen protest\u00ebs. Pjes\u00eb nga fjala e Berish\u00ebs Vet\u00ebm nga tvsh e \u00e7mimeve t\u00eb rritura qeveria ka p\u00ebrfituar 340 &hellip;<\/p>\n","protected":false},"author":5,"featured_media":16278,"comment_status":"open","ping_status":"open","sticky":false,"template":"","format":"standard","meta":{"footnotes":""},"categories":[37],"tags":[],"class_list":["post-16277","post","type-post","status-publish","format-standard","has-post-thumbnail","","category-politike"],"_links":{"self":[{"href":"https:\/\/rdnews.al\/index.php\/wp-json\/wp\/v2\/posts\/16277","targetHints":{"allow":["GET"]}}],"collection":[{"href":"https:\/\/rdnews.al\/index.php\/wp-json\/wp\/v2\/posts"}],"about":[{"href":"https:\/\/rdnews.al\/index.php\/wp-json\/wp\/v2\/types\/post"}],"author":[{"embeddable":true,"href":"https:\/\/rdnews.al\/index.php\/wp-json\/wp\/v2\/users\/5"}],"replies":[{"embeddable":true,"href":"https:\/\/rdnews.al\/index.php\/wp-json\/wp\/v2\/comments?post=16277"}],"version-history":[{"count":0,"href":"https:\/\/rdnews.al\/index.php\/wp-json\/wp\/v2\/posts\/16277\/revisions"}],"wp:featuredmedia":[{"embeddable":true,"href":"https:\/\/rdnews.al\/index.php\/wp-json\/wp\/v2\/media\/16278"}],"wp:attachment":[{"href":"https:\/\/rdnews.al\/index.php\/wp-json\/wp\/v2\/media?parent=16277"}],"wp:term":[{"taxonomy":"category","embeddable":true,"href":"https:\/\/rdnews.al\/index.php\/wp-json\/wp\/v2\/categories?post=16277"},{"taxonomy":"post_tag","embeddable":true,"href":"https:\/\/rdnews.al\/index.php\/wp-json\/wp\/v2\/tags?post=16277"}],"curies":[{"name":"wp","href":"https:\/\/api.w.org\/{rel}","templated":true}]}}