{"id":16582,"date":"2022-07-01T11:26:23","date_gmt":"2022-07-01T11:26:23","guid":{"rendered":"https:\/\/rdnews.al\/?p=16582"},"modified":"2022-07-01T11:26:23","modified_gmt":"2022-07-01T11:26:23","slug":"ne-nderim-te-nje-njeriu-shumedimensional","status":"publish","type":"post","link":"https:\/\/rdnews.al\/index.php\/2022\/07\/01\/ne-nderim-te-nje-njeriu-shumedimensional\/","title":{"rendered":"N\u00eb nderim t\u00eb nj\u00eb njeriu shum\u00ebdimensional"},"content":{"rendered":"<p><strong>Nga Lu\u00e7iano BO\u00c7I<\/strong><\/p>\n<p>Ndarja nga jeta e z. Tomorr Aliko ishte nj\u00eb lajm i hidhur dhe i trisht\u00eb.<\/p>\n<p>Ai jetoi brenda nj\u00eb modestie epike brenda s\u00eb cil\u00ebs q\u00ebndronte nj\u00eb njeri i lart\u00eb, fisnik dhe intelektual brilant.<\/p>\n<p>Po kush ishte Tomorr Aliko?<\/p>\n<p>Po shk\u00ebpus k\u00ebt\u00eb shkrim p\u00ebr t\u00eb shpalosur sado pak figur\u00ebn e tij shum\u00eb dimensionale:<\/p>\n<p>\u201cIsh i burgosur politik antikomunist, nacionalist i spikatur, ish kryetar i Shoqat\u00ebs Antikomuniste t\u00eb t\u00eb P\u00ebrndjekurve Politik\u00eb t\u00eb Shqip\u00ebris\u00eb, ish sekretar i Kryegjyshat\u00ebs Bot\u00ebrore Bektashiane, shkrimtar, seknarist, aktivist i shquar i mbrojtjes s\u00eb lirive dhe t\u00eb drejtave themelore t\u00eb njeriut.<\/p>\n<p>Jeta dhe vepra e Tomorr Alikos jan\u00eb nj\u00eb histori p\u00ebrpjekjesh sakrificash e q\u00ebndrese t\u00eb spikatur!<\/p>\n<p>Lindi m\u00eb 10 korrik t\u00eb vitit 1925, n\u00eb Libohov\u00eb. N\u00eb mosh\u00ebn 17-vje\u00e7are aderoi n\u00eb Ballin Komb\u00ebtar. N\u00eb vitin 1945 u arratis n\u00eb Greqi, ku u inkuadrua n\u00eb forcat Aleate. Pas gjasht\u00eb muajsh, u kap n\u00eb kufi. M\u00eb 9 dhjetor 1947, Gjykata Ushtarake e Tiran\u00ebs e d\u00ebnoi me 20 vjet heqje lirie dhe humbjen e s\u00eb drejt\u00ebs elektorale p\u00ebr \u00abdh\u00ebnie informacioni t\u00eb huajve kund\u00ebr shtetit\u00bb. Pas kryerjes s\u00eb d\u00ebnimit, u internua p\u00ebr 29 vjet n\u00eb Mamurras. U lirua n\u00eb vitin 1991.<\/p>\n<p>Vepra:<\/p>\n<p>Esht\u00eb autor i disa librave, filmave dokumentar\u00eb dhe shum\u00eb artikuj e intervista n\u00eb media .<\/p>\n<p>\u00abFundi i udh\u00ebs s\u00eb gjat\u00eb\u00bb (1999), \u00abGjysm\u00eb shekull n\u00eb kthetrat e djallit\u00bb (Tiran\u00eb, 2003), \u00abGenocidi mbi eliten intelektuale t\u00eb kombit shqiptar n\u00ebn terrorin komunist\/ Genocide on the intellectual elite of the albanian nation under the communist terror\u00bb (Tiran\u00eb, 2007), &#8220;Genocidi gjys\u00ebmshekullor n\u00eb Shqip\u00ebri\/The half century genocide in Albania &#8221; (\u00abEmal\u00bb, Tiran\u00eb, 2010).<\/p>\n<p>Tomorr Alikoja \u00ebsht\u00eb dhe autor i skenarit t\u00eb filmit dokumentar &#8220;Zhdukja e inteligjenc\u00ebs shqiptare gjat\u00eb vit\u00ebve 1944-1951&#8221;, prodhim i Televizionit Publik Shqiptar (2008).\u201d<\/p>\n<p>I leht\u00eb dheu e ndri\u00e7oft\u00eb n\u00eb parajs\u00eb!<\/p>\n","protected":false},"excerpt":{"rendered":"<p>Nga Lu\u00e7iano BO\u00c7I Ndarja nga jeta e z. Tomorr Aliko ishte nj\u00eb lajm i hidhur dhe i trisht\u00eb. Ai jetoi brenda nj\u00eb modestie epike brenda s\u00eb cil\u00ebs q\u00ebndronte nj\u00eb njeri i lart\u00eb, fisnik dhe intelektual brilant. Po kush ishte Tomorr Aliko? Po shk\u00ebpus k\u00ebt\u00eb shkrim p\u00ebr t\u00eb shpalosur sado pak figur\u00ebn e tij shum\u00eb dimensionale: &hellip;<\/p>\n","protected":false},"author":4,"featured_media":16401,"comment_status":"open","ping_status":"open","sticky":false,"template":"","format":"standard","meta":{"footnotes":""},"categories":[44],"tags":[],"class_list":["post-16582","post","type-post","status-publish","format-standard","has-post-thumbnail","","category-editorial"],"_links":{"self":[{"href":"https:\/\/rdnews.al\/index.php\/wp-json\/wp\/v2\/posts\/16582","targetHints":{"allow":["GET"]}}],"collection":[{"href":"https:\/\/rdnews.al\/index.php\/wp-json\/wp\/v2\/posts"}],"about":[{"href":"https:\/\/rdnews.al\/index.php\/wp-json\/wp\/v2\/types\/post"}],"author":[{"embeddable":true,"href":"https:\/\/rdnews.al\/index.php\/wp-json\/wp\/v2\/users\/4"}],"replies":[{"embeddable":true,"href":"https:\/\/rdnews.al\/index.php\/wp-json\/wp\/v2\/comments?post=16582"}],"version-history":[{"count":0,"href":"https:\/\/rdnews.al\/index.php\/wp-json\/wp\/v2\/posts\/16582\/revisions"}],"wp:featuredmedia":[{"embeddable":true,"href":"https:\/\/rdnews.al\/index.php\/wp-json\/wp\/v2\/media\/16401"}],"wp:attachment":[{"href":"https:\/\/rdnews.al\/index.php\/wp-json\/wp\/v2\/media?parent=16582"}],"wp:term":[{"taxonomy":"category","embeddable":true,"href":"https:\/\/rdnews.al\/index.php\/wp-json\/wp\/v2\/categories?post=16582"},{"taxonomy":"post_tag","embeddable":true,"href":"https:\/\/rdnews.al\/index.php\/wp-json\/wp\/v2\/tags?post=16582"}],"curies":[{"name":"wp","href":"https:\/\/api.w.org\/{rel}","templated":true}]}}