{"id":16641,"date":"2022-07-02T08:48:39","date_gmt":"2022-07-02T08:48:39","guid":{"rendered":"https:\/\/rdnews.al\/?p=16641"},"modified":"2022-07-02T08:50:03","modified_gmt":"2022-07-02T08:50:03","slug":"tre-ngjarje-ne-nje-dite","status":"publish","type":"post","link":"https:\/\/rdnews.al\/index.php\/2022\/07\/02\/tre-ngjarje-ne-nje-dite\/","title":{"rendered":"Tre ngjarje n\u00eb nj\u00eb dit\u00eb!"},"content":{"rendered":"<p><strong>Nga Adriana KALAJA<\/strong><\/p>\n<p>2 korrik 1990 shqiptar\u00ebt trima mposht\u00ebn diktatur\u00ebn duke u futur n\u00ebp\u00ebr ambasada, duke i hapur rrug\u00ebn demokracis\u00eb n\u00eb vend.<\/p>\n<p>2 korrik 1990 filloi l\u00ebvizja atdhetare n\u00eb Kosov\u00eb kund\u00ebr regjimit t\u00eb Jugosllavis\u00eb, duke filluar rrug\u00ebn e liris\u00eb dhe pavar\u00ebsis\u00eb.<\/p>\n<p>2 korrik 2021 Gjykata Kushtetuese jep vendimin historik pro Teatrit Komb\u00ebtar.<\/p>\n<p>Kemi dh\u00ebn\u00eb prova se i \u00e7ojm\u00eb betejat deri n\u00eb fund.<\/p>\n<p>Ne ju pam\u00eb.<\/p>\n<p>Ne nuk harrojm\u00eb!<\/p>\n<p>Do ta rind\u00ebrtojm\u00eb Teatrin Komb\u00ebtar me parat\u00eb e bandit\u00ebve q\u00eb e shemb\u00ebn nd\u00ebrkoh\u00eb q\u00eb ata do jen\u00eb pa hekurave.<\/p>\n<p>Teatri Aty Dhe Ashtu Si\u00e7 Ishte!<\/p>\n<p><img decoding=\"async\" src=\"https:\/\/www.syri.net\/uploads\/syri.net\/images\/2022\/July\/02\/auto_amb1656749706.jpg\" alt=\"'2 Korriku'\/ Meta: Koha p\u00ebr t\u00eb nd\u00ebrtuar Europ\u00ebn n\u00eb Shqip\u00ebri \u00ebsht\u00eb tani!\" \/><\/p>\n<p><img decoding=\"async\" src=\"https:\/\/scontent.ftia5-1.fna.fbcdn.net\/v\/t39.30808-6\/291688571_1366243420453975_1345524784877539357_n.jpg?_nc_cat=102&amp;ccb=1-7&amp;_nc_sid=8bfeb9&amp;_nc_eui2=AeESXV0z5MMFTjqqaIvkdwBm8zSpnz5JF0fzNKmfPkkXR4RQrgaLC6U17KeVV9C7CC4&amp;_nc_ohc=eVm25DSZCCIAX861GWB&amp;_nc_ht=scontent.ftia5-1.fna&amp;oh=00_AT-Q7dK5X2O1QwnL6zhFP1r93IpAdFfr-Aq27Fj5aRXE2Q&amp;oe=62C40AC2\" alt=\"Mund t\u00eb jet\u00eb nj\u00eb imazh i 11 persona, njer\u00ebz n\u00eb k\u00ebmb\u00eb dhe ambiente t\u00eb jashtme\" \/><\/p>\n<p><img decoding=\"async\" src=\"https:\/\/scontent.ftia5-1.fna.fbcdn.net\/v\/t39.30808-6\/290907053_1366248993786751_449480037996768426_n.jpg?_nc_cat=110&amp;ccb=1-7&amp;_nc_sid=8bfeb9&amp;_nc_eui2=AeHVYMoS3g8a5if0o0P3m4euyAKsA9J_Xr7IAqwD0n9evh1gbKJ3t6wSKre7CYHlcw8&amp;_nc_ohc=o4Wd8PybiDAAX82MPZb&amp;_nc_ht=scontent.ftia5-1.fna&amp;oh=00_AT-uYoSqLHYnAGWCk0OUP2M3T1s1SSmoiK2VDQ0Q5Sh95A&amp;oe=62C460B6\" alt=\"Mund t\u00eb jet\u00eb nj\u00eb imazh i ambiente t\u00eb jashtme\" \/><\/p>\n","protected":false},"excerpt":{"rendered":"<p>Nga Adriana KALAJA 2 korrik 1990 shqiptar\u00ebt trima mposht\u00ebn diktatur\u00ebn duke u futur n\u00ebp\u00ebr ambasada, duke i hapur rrug\u00ebn demokracis\u00eb n\u00eb vend. 2 korrik 1990 filloi l\u00ebvizja atdhetare n\u00eb Kosov\u00eb kund\u00ebr regjimit t\u00eb Jugosllavis\u00eb, duke filluar rrug\u00ebn e liris\u00eb dhe pavar\u00ebsis\u00eb. 2 korrik 2021 Gjykata Kushtetuese jep vendimin historik pro Teatrit Komb\u00ebtar. Kemi dh\u00ebn\u00eb prova &hellip;<\/p>\n","protected":false},"author":4,"featured_media":16644,"comment_status":"open","ping_status":"open","sticky":false,"template":"","format":"standard","meta":{"footnotes":""},"categories":[44],"tags":[],"class_list":["post-16641","post","type-post","status-publish","format-standard","has-post-thumbnail","","category-editorial"],"_links":{"self":[{"href":"https:\/\/rdnews.al\/index.php\/wp-json\/wp\/v2\/posts\/16641","targetHints":{"allow":["GET"]}}],"collection":[{"href":"https:\/\/rdnews.al\/index.php\/wp-json\/wp\/v2\/posts"}],"about":[{"href":"https:\/\/rdnews.al\/index.php\/wp-json\/wp\/v2\/types\/post"}],"author":[{"embeddable":true,"href":"https:\/\/rdnews.al\/index.php\/wp-json\/wp\/v2\/users\/4"}],"replies":[{"embeddable":true,"href":"https:\/\/rdnews.al\/index.php\/wp-json\/wp\/v2\/comments?post=16641"}],"version-history":[{"count":0,"href":"https:\/\/rdnews.al\/index.php\/wp-json\/wp\/v2\/posts\/16641\/revisions"}],"wp:featuredmedia":[{"embeddable":true,"href":"https:\/\/rdnews.al\/index.php\/wp-json\/wp\/v2\/media\/16644"}],"wp:attachment":[{"href":"https:\/\/rdnews.al\/index.php\/wp-json\/wp\/v2\/media?parent=16641"}],"wp:term":[{"taxonomy":"category","embeddable":true,"href":"https:\/\/rdnews.al\/index.php\/wp-json\/wp\/v2\/categories?post=16641"},{"taxonomy":"post_tag","embeddable":true,"href":"https:\/\/rdnews.al\/index.php\/wp-json\/wp\/v2\/tags?post=16641"}],"curies":[{"name":"wp","href":"https:\/\/api.w.org\/{rel}","templated":true}]}}