{"id":16739,"date":"2022-07-04T08:44:37","date_gmt":"2022-07-04T08:44:37","guid":{"rendered":"https:\/\/rdnews.al\/?p=16739"},"modified":"2022-07-04T08:44:37","modified_gmt":"2022-07-04T08:44:37","slug":"berisha-uron-shba-per-pavaresine-shqiptaret-festojne-me-mirenjohje-te-thelle","status":"publish","type":"post","link":"https:\/\/rdnews.al\/index.php\/2022\/07\/04\/berisha-uron-shba-per-pavaresine-shqiptaret-festojne-me-mirenjohje-te-thelle\/","title":{"rendered":"Berisha uron SHBA p\u00ebr Pavar\u00ebsin\u00eb: Shqiptar\u00ebt festojn\u00eb me mir\u00ebnjohje t\u00eb thell\u00eb"},"content":{"rendered":"<p>Kryetari i PD, Sali Berisha uron me nj\u00eb mesazh Dit\u00ebn e Pavar\u00ebsis\u00eb s\u00eb SHBA. Berisha postoi po ashtu nj\u00eb kolazh me foto nga takimet e tij me president\u00ebt dhe zyrtar\u00ebt m\u00eb t\u00eb lart\u00eb amerikan\u00eb.<\/p>\n<p><strong>Mesazhi i kryetarit t\u00eb PD, Berisha<\/strong><\/p>\n<p>Sot kombi i madh amerikan feston dit\u00eblindjen e tij, Dit\u00ebn e Pavar\u00ebsis\u00eb s\u00eb SHBA.<\/p>\n<p>S\u00eb bashku me t\u00eb, festojn\u00eb me mir\u00ebnjohje t\u00eb thell\u00eb shqiptar\u00ebt dhe miqt\u00eb e tij n\u00eb gjith\u00eb bot\u00ebn.<\/p>\n<p>Amerikan\u00ebt festojn\u00eb sot krenar\u00eb pavar\u00ebsin\u00eb e vendit t\u00eb tyre, si superfuqia e liris\u00eb, festojn\u00eb si kombi q\u00eb ka b\u00ebr\u00eb m\u00eb shum\u00eb se \u00e7do komb p\u00ebr lirin\u00eb e kombeve t\u00eb tjera n\u00eb t\u00ebr\u00ebsi dhe n\u00eb ve\u00e7anti me lirin\u00eb e shqiptar\u00ebve.<\/p>\n<p>Ky vit \u00ebsht\u00eb dhe 100-vjetori i marr\u00ebdh\u00ebnieve midis Shqip\u00ebris\u00eb dhe SHBA.<\/p>\n<p>Partia Demokratike ka dh\u00ebn\u00eb kontributin m\u00eb t\u00eb madh dhe historik n\u00eb k\u00ebto marr\u00ebdh\u00ebnie. Ajo mbetet e vendosur t\u00eb b\u00ebj\u00eb dhe m\u00eb shum\u00eb n\u00eb 100 vitet q\u00eb vijn\u00eb!<\/p>\n<p>Happy 4th of July!<\/p>\n<p><img decoding=\"async\" src=\"https:\/\/scontent.ftia5-1.fna.fbcdn.net\/v\/t39.30808-6\/290950704_600291241451982_3155829857894161756_n.jpg?_nc_cat=108&amp;ccb=1-7&amp;_nc_sid=8bfeb9&amp;_nc_eui2=AeFXWpk10HsronkzIG_Ru6NCPZbc2SvgwBg9ltzZK-DAGErXoIAVlkIGKL6wap_3n5s&amp;_nc_ohc=2SnjQ286ScwAX_-USMC&amp;_nc_ht=scontent.ftia5-1.fna&amp;oh=00_AT8F6PS1AHdCyAJguk9N_f0ggtttOsxSEQXeHf0tQxvdVA&amp;oe=62C6C5F7\" alt=\"Mund t\u00eb jet\u00eb nj\u00eb imazh i 11 persona dhe njer\u00ebz n\u00eb k\u00ebmb\u00eb\" \/><\/p>\n","protected":false},"excerpt":{"rendered":"<p>Kryetari i PD, Sali Berisha uron me nj\u00eb mesazh Dit\u00ebn e Pavar\u00ebsis\u00eb s\u00eb SHBA. Berisha postoi po ashtu nj\u00eb kolazh me foto nga takimet e tij me president\u00ebt dhe zyrtar\u00ebt m\u00eb t\u00eb lart\u00eb amerikan\u00eb. Mesazhi i kryetarit t\u00eb PD, Berisha Sot kombi i madh amerikan feston dit\u00eblindjen e tij, Dit\u00ebn e Pavar\u00ebsis\u00eb s\u00eb SHBA. S\u00eb &hellip;<\/p>\n","protected":false},"author":4,"featured_media":16740,"comment_status":"open","ping_status":"open","sticky":false,"template":"","format":"standard","meta":{"footnotes":""},"categories":[40],"tags":[],"class_list":["post-16739","post","type-post","status-publish","format-standard","has-post-thumbnail","","category-aktualitet"],"_links":{"self":[{"href":"https:\/\/rdnews.al\/index.php\/wp-json\/wp\/v2\/posts\/16739","targetHints":{"allow":["GET"]}}],"collection":[{"href":"https:\/\/rdnews.al\/index.php\/wp-json\/wp\/v2\/posts"}],"about":[{"href":"https:\/\/rdnews.al\/index.php\/wp-json\/wp\/v2\/types\/post"}],"author":[{"embeddable":true,"href":"https:\/\/rdnews.al\/index.php\/wp-json\/wp\/v2\/users\/4"}],"replies":[{"embeddable":true,"href":"https:\/\/rdnews.al\/index.php\/wp-json\/wp\/v2\/comments?post=16739"}],"version-history":[{"count":0,"href":"https:\/\/rdnews.al\/index.php\/wp-json\/wp\/v2\/posts\/16739\/revisions"}],"wp:featuredmedia":[{"embeddable":true,"href":"https:\/\/rdnews.al\/index.php\/wp-json\/wp\/v2\/media\/16740"}],"wp:attachment":[{"href":"https:\/\/rdnews.al\/index.php\/wp-json\/wp\/v2\/media?parent=16739"}],"wp:term":[{"taxonomy":"category","embeddable":true,"href":"https:\/\/rdnews.al\/index.php\/wp-json\/wp\/v2\/categories?post=16739"},{"taxonomy":"post_tag","embeddable":true,"href":"https:\/\/rdnews.al\/index.php\/wp-json\/wp\/v2\/tags?post=16739"}],"curies":[{"name":"wp","href":"https:\/\/api.w.org\/{rel}","templated":true}]}}