{"id":17283,"date":"2022-07-08T09:29:11","date_gmt":"2022-07-08T09:29:11","guid":{"rendered":"https:\/\/rdnews.al\/?p=17283"},"modified":"2022-07-08T09:29:11","modified_gmt":"2022-07-08T09:29:11","slug":"te-gjithe-ishim-mbreme-ne-bulevard","status":"publish","type":"post","link":"https:\/\/rdnews.al\/index.php\/2022\/07\/08\/te-gjithe-ishim-mbreme-ne-bulevard\/","title":{"rendered":"T\u00eb gjith\u00eb ishim mbr\u00ebm\u00eb n\u00eb bulevard"},"content":{"rendered":"<p><strong>Nga Bislim AHMETAJ<\/strong><\/p>\n<p>Ajo q\u00eb ndodhi mbr\u00ebm\u00eb n\u00eb Bulevardin &#8220;D\u00ebshmor\u00ebt e Kombit&#8221; d\u00ebshmoj q\u00eb shqiptar\u00ebt e duan dhe e \u00e7mojn\u00eb Lirin\u00eb.<\/p>\n<p>Mbr\u00ebm\u00eb n\u00eb shesh ishim bashk\u00eb q\u00eb t\u00eb gjith\u00eb.<\/p>\n<p>Ishin edhe nx\u00ebn\u00ebsit dhe student\u00ebt q\u00eb e kan\u00eb mbyllur tashm\u00eb shkoll\u00ebn dhe vitin akademik.<\/p>\n<p>Ishin edhe fermer\u00ebt dhe punonj\u00ebsit e turizmit q\u00eb jan\u00eb n\u00eb kulmin e angazhimit t\u00eb tyre me pun\u00ebt e dit\u00ebs.<\/p>\n<p>Pronar\u00ebt e dyqaneve dhe t\u00eb bizneseve t\u00eb vogla i mbyll\u00ebn ato p\u00ebr t\u00eb q\u00ebn\u00eb me ne n\u00eb shesh.<\/p>\n<p>M\u00ebsues edukator dhe profesor\u00eb universiteti v\u00ebrshuan mbr\u00ebm\u00eb n\u00eb bulevard.<\/p>\n<p>Avokat\u00eb, inxhinier, mjek\u00eb, p\u00ebrmbarues dhe noter ishin gjithashtu mbr\u00ebm\u00eb n\u00eb shesh.<\/p>\n<p>Komuniteti i artist\u00ebve shkrimtar\u00ebve, poet\u00ebve, aktor\u00ebve, piktor\u00ebve dhe sportist\u00ebve nuk kishte si ti mungonte mbr\u00ebm\u00eb sheshit t\u00eb protest\u00ebs.<\/p>\n<p>N\u00eb bulevard mbr\u00ebm\u00eb si kurr\u00eb m\u00eb par\u00eb kishte shqiptar\u00eb emigrant\u00eb nga Amerika, Anglia, Gjermania, Franca, Greqia dhe mbar\u00eb diaspora.<\/p>\n<p>Pensionist\u00ebt sfiduan mosh\u00ebn, s\u00ebmundjet dhe temperaturat e larta t\u00eb Korrikut dhe v\u00ebrshuan mbr\u00ebm\u00eb si asnj\u00ebher\u00eb tjet\u00ebr n\u00eb bulevard.<\/p>\n<p>Mbr\u00ebm\u00eb protestuan bashk\u00eb me ne edhe qindra polic\u00eb t\u00eb thjesht\u00eb t\u00eb cil\u00ebt klika e hajnis\u00eb i kishte thirrur n\u00ebn arm\u00eb p\u00ebr t\u00eb na rrahur, p\u00ebr t\u00eb na arrestuar, p\u00ebr t\u00eb na posht\u00ebruar dhe gjunj\u00ebzuar.<\/p>\n<p>Mbr\u00ebm\u00eb n\u00eb shesh kishte gazetar\u00eb, opinionist\u00eb dhe shum\u00eb politikan\u00eb ku spikati me karizm\u00ebn, vendosm\u00ebrin\u00eb, qart\u00ebsin\u00eb dhe vizionin e tij p\u00ebr ti udh\u00ebhequr qytetar\u00ebt e lir\u00eb t\u00eb k\u00ebtij vendi Dr.Berisha.<\/p>\n<p>Mbr\u00ebm\u00eb z\u00ebri i qytetar\u00ebve nga tribuna e protest\u00ebs e ka shurdhuar godin\u00ebn e blinduar t\u00eb qeveris\u00eb s\u00eb hajnave.<\/p>\n<p>Mbr\u00ebm\u00eb qytetaria shqiptare d\u00ebshmoj se ka shpres\u00eb.<\/p>\n<p>Shpresa q\u00eb pash\u00eb mbr\u00ebm\u00eb n\u00eb syt\u00eb dhe zemrat e qindra mij\u00ebra protestuesve do t\u00eb prodhoj besim.<\/p>\n<p>Besimi nxit veprimin dhe \u00e7on n\u00eb fitore t\u00eb pashmangshme.<\/p>\n<p>Mbr\u00ebm\u00eb Bulevardi &#8220;Deshmor\u00ebt e Kombit&#8221; ishte m\u00eb i bukur se kurr\u00eb ndonj\u00ebher\u00eb.<\/p>\n<p>Mbr\u00ebm\u00eb Tirana ishte Kryeqyteti i njer\u00ebzve t\u00eb Lir\u00eb.<\/p>\n<p>Mbr\u00ebm\u00eb nisi \u00e7lirimi i Shqip\u00ebris\u00eb nga klika e hajnave dhe banda e antishqiptar\u00ebve.<\/p>\n<p><img loading=\"lazy\" decoding=\"async\" class=\"\" src=\"https:\/\/scontent.ftia5-1.fna.fbcdn.net\/v\/t39.30808-6\/291808399_5971190772909590_2757634474947695128_n.jpg?_nc_cat=107&amp;ccb=1-7&amp;_nc_sid=8bfeb9&amp;_nc_eui2=AeFbIh6bl6zVooyeRioeXQFs6trUYg2ojSrq2tRiDaiNKk_z6zDWVRzUpyxJ6RBNpps&amp;_nc_ohc=vOUQpHHH9TEAX-8uHkR&amp;_nc_ht=scontent.ftia5-1.fna&amp;oh=00_AT_SO8sfnC7gdHDJvL_OGEDN2aq3jc6ihp_v3euU6mBZnA&amp;oe=62CC40AF\" alt=\"Mund t\u00eb jet\u00eb nj\u00eb imazh i 3 persona, mjek\u00ebr, njer\u00ebz n\u00eb k\u00ebmb\u00eb dhe ambiente t\u00eb jashtme\" width=\"554\" height=\"263\" \/><\/p>\n","protected":false},"excerpt":{"rendered":"<p>Nga Bislim AHMETAJ Ajo q\u00eb ndodhi mbr\u00ebm\u00eb n\u00eb Bulevardin &#8220;D\u00ebshmor\u00ebt e Kombit&#8221; d\u00ebshmoj q\u00eb shqiptar\u00ebt e duan dhe e \u00e7mojn\u00eb Lirin\u00eb. Mbr\u00ebm\u00eb n\u00eb shesh ishim bashk\u00eb q\u00eb t\u00eb gjith\u00eb. Ishin edhe nx\u00ebn\u00ebsit dhe student\u00ebt q\u00eb e kan\u00eb mbyllur tashm\u00eb shkoll\u00ebn dhe vitin akademik. Ishin edhe fermer\u00ebt dhe punonj\u00ebsit e turizmit q\u00eb jan\u00eb n\u00eb kulmin e &hellip;<\/p>\n","protected":false},"author":4,"featured_media":17284,"comment_status":"open","ping_status":"open","sticky":false,"template":"","format":"standard","meta":{"footnotes":""},"categories":[44],"tags":[],"class_list":["post-17283","post","type-post","status-publish","format-standard","has-post-thumbnail","","category-editorial"],"_links":{"self":[{"href":"https:\/\/rdnews.al\/index.php\/wp-json\/wp\/v2\/posts\/17283","targetHints":{"allow":["GET"]}}],"collection":[{"href":"https:\/\/rdnews.al\/index.php\/wp-json\/wp\/v2\/posts"}],"about":[{"href":"https:\/\/rdnews.al\/index.php\/wp-json\/wp\/v2\/types\/post"}],"author":[{"embeddable":true,"href":"https:\/\/rdnews.al\/index.php\/wp-json\/wp\/v2\/users\/4"}],"replies":[{"embeddable":true,"href":"https:\/\/rdnews.al\/index.php\/wp-json\/wp\/v2\/comments?post=17283"}],"version-history":[{"count":0,"href":"https:\/\/rdnews.al\/index.php\/wp-json\/wp\/v2\/posts\/17283\/revisions"}],"wp:featuredmedia":[{"embeddable":true,"href":"https:\/\/rdnews.al\/index.php\/wp-json\/wp\/v2\/media\/17284"}],"wp:attachment":[{"href":"https:\/\/rdnews.al\/index.php\/wp-json\/wp\/v2\/media?parent=17283"}],"wp:term":[{"taxonomy":"category","embeddable":true,"href":"https:\/\/rdnews.al\/index.php\/wp-json\/wp\/v2\/categories?post=17283"},{"taxonomy":"post_tag","embeddable":true,"href":"https:\/\/rdnews.al\/index.php\/wp-json\/wp\/v2\/tags?post=17283"}],"curies":[{"name":"wp","href":"https:\/\/api.w.org\/{rel}","templated":true}]}}