{"id":17384,"date":"2022-07-08T17:14:20","date_gmt":"2022-07-08T17:14:20","guid":{"rendered":"https:\/\/rdnews.al\/?p=17384"},"modified":"2022-07-08T17:14:20","modified_gmt":"2022-07-08T17:14:20","slug":"protesta-e-djeshme-e-magjishme-e-bekuar-si-drite-shprese-dhe-besimi","status":"publish","type":"post","link":"https:\/\/rdnews.al\/index.php\/2022\/07\/08\/protesta-e-djeshme-e-magjishme-e-bekuar-si-drite-shprese-dhe-besimi\/","title":{"rendered":"Protesta e djeshme, e magjishme, e bekuar si drit\u00eb shprese dhe besimi"},"content":{"rendered":"<p><strong>FRPD Vlor\u00eb<\/strong><\/p>\n<p>Madh\u00ebshtia e Demokracis\u00eb \u00ebsht\u00eb Madh\u00ebshtia e t\u00eb Protestuarit !<\/p>\n<p>E magjishme, e bekuar, si drit\u00eb shprese dhe besimi, ishte dita e djeshme, dita e Protest\u00ebs s\u00eb Madhe Komb\u00ebtare !<\/p>\n<p>Nj\u00eb kor i madh shpirtrash t\u00eb lir\u00eb shqiptar\u00ebsh, t\u00eb bashkuar n\u00eb sheshin e liris\u00eb, n\u00eb sheshin e shqiptaris\u00eb, p\u00ebr t\u00eb treguar se Sovrani \u00ebsht\u00eb aty, p\u00ebrballe s\u00eb keqes dhe tiranise s\u00eb sektit n\u00eb pushtet !<\/p>\n<p>Si drit\u00eb shprese ishte Protesta !<br \/>\nSi bekimi m\u00eb i madh i k\u00ebtyre viteve !<\/p>\n<p>Ishte si nj\u00eb mesazh hyjnor, p\u00ebr t\u00eb treguar se shqiptar\u00ebt, demokrat\u00ebt, njer\u00ebzit e ndersh\u00ebm t\u00eb k\u00ebtij vendi jan\u00eb plot frym\u00eb e ideale, n\u00eb misionin hyjnor t\u00eb shp\u00ebtimit t\u00eb Demokracis\u00eb, t\u00eb shp\u00ebtimit t\u00eb Shqip\u00ebris\u00eb !<br \/>\nProtesta e djeshme ishte m\u00eb shume se frym\u00ebzim, ishte ajo \u00e7&#8217;ka nj\u00eb shoq\u00ebri di t\u00eb b\u00ebj m\u00eb mir\u00eb n\u00eb momentet kritike t\u00eb vendit!<br \/>\nIshte nj\u00eb nd\u00ebr dit\u00ebt e bekuara t\u00eb kalendarit historik t\u00eb k\u00ebtij vendi !<\/p>\n<p>Nderime e Respekt p\u00ebr \u00e7do misionar, p\u00ebr \u00e7do protestues, p\u00ebr \u00e7do q\u00ebndrestar , p\u00ebr \u00e7do shqiptar q\u00eb ishte dje n\u00eb Sheshin e Liris\u00eb !<\/p>\n<p>Qofte e bekuar fillimi i ri per Shqiperine e shqiptaret !<\/p>\n<p><img decoding=\"async\" src=\"https:\/\/scontent.ftia4-1.fna.fbcdn.net\/v\/t1.15752-9\/292428037_1769230116757247_7499714802941466657_n.jpg?_nc_cat=103&amp;ccb=1-7&amp;_nc_sid=ae9488&amp;_nc_eui2=AeFchh3ZXOr0TC09Cq4d6pdlnRtVGHFXkECdG1UYcVeQQMv8kQ6ZO611dwu0iv96-D4&amp;_nc_ohc=EdjBC0JuDjUAX-gJMOL&amp;_nc_ht=scontent.ftia4-1.fna&amp;oh=03_AVL37ilMbZ5ZVVkLaSU6Je6MiEGnXGMQcRHgw7ovYEHNrQ&amp;oe=62EF6F36\" alt=\"Nuk ka asnj\u00eb p\u00ebrshkrim t\u00eb disponuesh\u00ebm\" \/><\/p>\n","protected":false},"excerpt":{"rendered":"<p>FRPD Vlor\u00eb Madh\u00ebshtia e Demokracis\u00eb \u00ebsht\u00eb Madh\u00ebshtia e t\u00eb Protestuarit ! E magjishme, e bekuar, si drit\u00eb shprese dhe besimi, ishte dita e djeshme, dita e Protest\u00ebs s\u00eb Madhe Komb\u00ebtare ! Nj\u00eb kor i madh shpirtrash t\u00eb lir\u00eb shqiptar\u00ebsh, t\u00eb bashkuar n\u00eb sheshin e liris\u00eb, n\u00eb sheshin e shqiptaris\u00eb, p\u00ebr t\u00eb treguar se Sovrani \u00ebsht\u00eb &hellip;<\/p>\n","protected":false},"author":4,"featured_media":17287,"comment_status":"open","ping_status":"open","sticky":false,"template":"","format":"standard","meta":{"footnotes":""},"categories":[44],"tags":[],"class_list":["post-17384","post","type-post","status-publish","format-standard","has-post-thumbnail","","category-editorial"],"_links":{"self":[{"href":"https:\/\/rdnews.al\/index.php\/wp-json\/wp\/v2\/posts\/17384","targetHints":{"allow":["GET"]}}],"collection":[{"href":"https:\/\/rdnews.al\/index.php\/wp-json\/wp\/v2\/posts"}],"about":[{"href":"https:\/\/rdnews.al\/index.php\/wp-json\/wp\/v2\/types\/post"}],"author":[{"embeddable":true,"href":"https:\/\/rdnews.al\/index.php\/wp-json\/wp\/v2\/users\/4"}],"replies":[{"embeddable":true,"href":"https:\/\/rdnews.al\/index.php\/wp-json\/wp\/v2\/comments?post=17384"}],"version-history":[{"count":0,"href":"https:\/\/rdnews.al\/index.php\/wp-json\/wp\/v2\/posts\/17384\/revisions"}],"wp:featuredmedia":[{"embeddable":true,"href":"https:\/\/rdnews.al\/index.php\/wp-json\/wp\/v2\/media\/17287"}],"wp:attachment":[{"href":"https:\/\/rdnews.al\/index.php\/wp-json\/wp\/v2\/media?parent=17384"}],"wp:term":[{"taxonomy":"category","embeddable":true,"href":"https:\/\/rdnews.al\/index.php\/wp-json\/wp\/v2\/categories?post=17384"},{"taxonomy":"post_tag","embeddable":true,"href":"https:\/\/rdnews.al\/index.php\/wp-json\/wp\/v2\/tags?post=17384"}],"curies":[{"name":"wp","href":"https:\/\/api.w.org\/{rel}","templated":true}]}}