{"id":17661,"date":"2022-07-13T11:02:41","date_gmt":"2022-07-13T11:02:41","guid":{"rendered":"https:\/\/rdnews.al\/?p=17661"},"modified":"2022-07-13T11:02:41","modified_gmt":"2022-07-13T11:02:41","slug":"amnistia-fiskale-qendisja-me-e-fundit-e-sektit-rama","status":"publish","type":"post","link":"https:\/\/rdnews.al\/index.php\/2022\/07\/13\/amnistia-fiskale-qendisja-me-e-fundit-e-sektit-rama\/","title":{"rendered":"Amnistia fiskale, q\u00ebndisja m\u00eb e fundit e sektit Rama"},"content":{"rendered":"<p><strong>Nga Bujar LESKAJ<\/strong><\/p>\n<p>Modeli i amnistis\u00eb i dal\u00eb p\u00ebr diskutim publik n\u00eb fund t\u00eb qershorit 2022, i ngjan vet\u00ebm ligjeve t\u00eb qepura me porosi t\u00eb sektit Rama, t\u00eb denoncuara nga organizata prestigjoze Transparency International. Ai \u00ebsht\u00eb i pangjash\u00ebm me asnj\u00eb model t\u00eb m\u00ebparsh\u00ebm t\u00eb aplikuar n\u00eb vendet e rajonit apo n\u00eb shtetet an\u00ebtare t\u00eb Bashkimit Evropian, nuk p\u00ebrb\u00ebn nj\u00eb rrug\u00eb t\u00eb gjenerimit t\u00eb fondeve t\u00eb ekonomis\u00eb gri dhe t\u00eb paformalizuar t\u00eb vendit, por ndihmon pasurin\u00eb e v\u00ebn\u00eb nga korrupsioni dhe paran\u00eb kriminale. Kjo nuk \u00ebsht\u00eb rruga e progresit ekonomik t\u00eb vendit, as e kap\u00ebrcimit t\u00eb gjendjes s\u00eb v\u00ebshtir\u00eb nga rritja e \u00e7mimeve dhe lufta n\u00eb Ukrain\u00eb. \u00c7do ide apo projekt, i cili k\u00ebrkon legalizimin e pasuris\u00eb dhe paras\u00eb, pa p\u00ebrjashtuar qart\u00eb dhe me forc\u00eb pasurin\u00eb dhe paran\u00eb kriminale, p\u00ebrb\u00ebn nj\u00eb hap t\u00eb r\u00ebnd\u00eb prapa n\u00eb zhvillimin normal t\u00eb shoq\u00ebris\u00eb dhe ekonomis\u00eb son\u00eb.<\/p>\n<p>Lind pyetja, p\u00ebrse qeveria vendos nj\u00eb tavan 2 milion\u00eb euro p\u00ebr t\u2019u amnistuar? Cilat para dhe kapitale ka parasysh brenda k\u00ebtij tavani? Asnj\u00eb qytetar shqiptar q\u00eb ka punuar n\u00eb m\u00ebnyr\u00eb t\u00eb ndershme, n\u00eb emigracion ose brenda vendit, nuk mund t\u00eb gjeneroj\u00eb kaq shum\u00eb t\u00eb ardhura. Kush \u00ebsht\u00eb ai biznes i rregullt ose q\u00eb punon pjes\u00ebrisht n\u00eb ekonomin\u00eb gri, i aft\u00eb t\u00eb grumbulloj\u00eb deri n\u00eb 2 milion\u00eb euro, duke i mbajtur t\u00eb fshehura k\u00ebto para apo kapitale? K\u00ebto jan\u00eb para t\u00eb ekonomis\u00eb kriminale, q\u00eb tentojn\u00eb t\u00eb futen n\u00eb kanalet bankare, n\u00ebp\u00ebrmjet ligjit m\u00eb t\u00eb diskutuesh\u00ebm mbi faljen masive fiskale n\u00eb historin\u00eb e vendit ton\u00eb. Nisma e sotme e amnistis\u00eb fiskale do t\u00eb ket\u00eb nj\u00eb p\u00ebrdorim tjet\u00ebr fundor: pastrimin e parave t\u00eb korrupsionit n\u00eb nivelet e larta t\u00eb politik\u00ebs shqiptare, dhe jo legalizimin e parave t\u00eb emigrant\u00ebve, t\u00eb cil\u00ebt p\u00ebrdoren nga kjo qeveri si fasad\u00eb.<\/p>\n<p>Si Bashkimi Evropian, ashtu dhe Fondi Monetar Nd\u00ebrkomb\u00ebtar kan\u00eb dal\u00eb kund\u00ebr k\u00ebsaj nisme. M\u00eb 19 maj 2022, Fondi Monetar Nd\u00ebrkomb\u00ebtar, n\u00eb deklarat\u00ebn p\u00ebrmbyllese t\u00eb misionit t\u00eb tij n\u00eb Shqip\u00ebri, cil\u00ebsoi se \u201cNe p\u00ebrs\u00ebrisim k\u00ebshill\u00ebn ton\u00eb kund\u00ebr nj\u00eb amnistie t\u00eb mundshme tatimore, duke pasur parasysh shqet\u00ebsimet p\u00ebr ndikimin e saj n\u00eb pajtueshm\u00ebrin\u00eb me detyrimet tatimore, si dhe rreziqet e pastrimit t\u00eb parave dhe t\u00eb qeverisjes\u201d, nd\u00ebrsa m\u00eb 4 korrik 2022, n\u00eb deklarat\u00ebn n\u00eb takimin e 13-t\u00eb t\u00eb N\u00ebnkomitetit p\u00ebr Tregtin\u00eb, Industrin\u00eb, Doganat dhe Tatimet midis BE-s\u00eb dhe Shqip\u00ebris\u00eb, Komisioni Evropian shprehu \u201c&#8230;shqet\u00ebsime serioze p\u00ebr draftin aktual t\u00eb ligjit p\u00ebr amnistin\u00eb fiskale. Kjo amnisti do t\u00eb dob\u00ebsoj\u00eb kontrollet e Shqip\u00ebris\u00eb kund\u00ebr pastrimit t\u00eb parave\u201d.<\/p>\n","protected":false},"excerpt":{"rendered":"<p>Nga Bujar LESKAJ Modeli i amnistis\u00eb i dal\u00eb p\u00ebr diskutim publik n\u00eb fund t\u00eb qershorit 2022, i ngjan vet\u00ebm ligjeve t\u00eb qepura me porosi t\u00eb sektit Rama, t\u00eb denoncuara nga organizata prestigjoze Transparency International. Ai \u00ebsht\u00eb i pangjash\u00ebm me asnj\u00eb model t\u00eb m\u00ebparsh\u00ebm t\u00eb aplikuar n\u00eb vendet e rajonit apo n\u00eb shtetet an\u00ebtare t\u00eb Bashkimit &hellip;<\/p>\n","protected":false},"author":4,"featured_media":3523,"comment_status":"open","ping_status":"open","sticky":false,"template":"","format":"standard","meta":{"footnotes":""},"categories":[44],"tags":[],"class_list":["post-17661","post","type-post","status-publish","format-standard","has-post-thumbnail","","category-editorial"],"_links":{"self":[{"href":"https:\/\/rdnews.al\/index.php\/wp-json\/wp\/v2\/posts\/17661","targetHints":{"allow":["GET"]}}],"collection":[{"href":"https:\/\/rdnews.al\/index.php\/wp-json\/wp\/v2\/posts"}],"about":[{"href":"https:\/\/rdnews.al\/index.php\/wp-json\/wp\/v2\/types\/post"}],"author":[{"embeddable":true,"href":"https:\/\/rdnews.al\/index.php\/wp-json\/wp\/v2\/users\/4"}],"replies":[{"embeddable":true,"href":"https:\/\/rdnews.al\/index.php\/wp-json\/wp\/v2\/comments?post=17661"}],"version-history":[{"count":0,"href":"https:\/\/rdnews.al\/index.php\/wp-json\/wp\/v2\/posts\/17661\/revisions"}],"wp:featuredmedia":[{"embeddable":true,"href":"https:\/\/rdnews.al\/index.php\/wp-json\/wp\/v2\/media\/3523"}],"wp:attachment":[{"href":"https:\/\/rdnews.al\/index.php\/wp-json\/wp\/v2\/media?parent=17661"}],"wp:term":[{"taxonomy":"category","embeddable":true,"href":"https:\/\/rdnews.al\/index.php\/wp-json\/wp\/v2\/categories?post=17661"},{"taxonomy":"post_tag","embeddable":true,"href":"https:\/\/rdnews.al\/index.php\/wp-json\/wp\/v2\/tags?post=17661"}],"curies":[{"name":"wp","href":"https:\/\/api.w.org\/{rel}","templated":true}]}}