{"id":17720,"date":"2022-07-13T19:50:11","date_gmt":"2022-07-13T19:50:11","guid":{"rendered":"https:\/\/rdnews.al\/?p=17720"},"modified":"2022-07-13T19:53:45","modified_gmt":"2022-07-13T19:53:45","slug":"nje-gur-shtese-ne-qafen-e-fatlumeve","status":"publish","type":"post","link":"https:\/\/rdnews.al\/index.php\/2022\/07\/13\/nje-gur-shtese-ne-qafen-e-fatlumeve\/","title":{"rendered":"Nj\u00eb gur shtes\u00eb n\u00eb qaf\u00ebn e &#8220;fatlum\u00ebve&#8221;?!"},"content":{"rendered":"<p><strong>Nga Iva V.GRILLO<\/strong><\/p>\n<p>Mesa duket, zonja Karen nuk \u00ebsht\u00eb e vetmja q\u00eb mendon se shqiptar\u00ebt duhet t\u00eb falenderojn\u00eb Zotin p\u00ebr prezenc\u00ebn e ambasadores Kim n\u00eb Shqip\u00ebri.<\/p>\n<p>P\u00ebr kujtes\u00eb, para disa muajsh, eprorja e zonj\u00ebs Kim u &#8220;rikujtoi&#8221; shqiptar\u00ebve q\u00eb m\u00eb mir\u00eb se Ambasadorja q\u00eb u ofroi bar nuk mund t\u00eb gjenin dhe ndoshta as nuk meritonin\u2026<\/p>\n<p>Duket se i t\u00eb nj\u00ebjtit mendim \u00ebsht\u00eb edhe nj\u00eb perfaq\u00ebsues i diaspor\u00ebs shqiptare, emrin e t\u00eb cilit nuk po e p\u00ebrmend sepse na duhet t\u00eb merremi m\u00eb shum\u00eb me fenomenin\u2026pa\u00e7ka se gjithkush duhet edhe t\u2019i dal\u00eb p\u00ebr zot asaj \u00e7far\u00eb nxjerr nga goja.<\/p>\n<p>Diasporaku q\u00eb jeton shtat\u00eb dete e shtat\u00eb male larg nga vendlindja, si shum\u00eb nga ne, pasi shpreh kenaq\u00ebsin\u00eb personale t\u00eb takimit me ambasadoren e shum\u00ebp\u00ebrfolur (nj\u00eb k\u00ebnaq\u00ebsi q\u00eb nuk mund ta gjykojm\u00eb sepse ajo varet kryek\u00ebput nga shijet e vlerat personale t\u00eb gjithkujt), vendos q\u00eb nga filifistuni ta p\u00ebrgjith\u00ebsoj\u00eb k\u00ebnaq\u00ebsin\u00eb e tij e tu kujtoj\u00eb shqiptar\u00ebve n\u00eb vendlindje edhe nj\u00ebher\u00eb fatin e madh q\u00eb u ka trokitur n\u00eb der\u00eb me ambasadoren n\u00eb fjal\u00eb.<\/p>\n<p>Por zot\u00ebria harron t\u00eb na thot\u00eb se nd\u00ebrhyrje \u201cdiplomatike\u201d si t\u00eb zonj\u00ebs, q\u00eb \u00e7imentojn\u00eb regjime t\u00eb korruptuara, nuk pranohen si normale apo miq\u00ebsore kurr\u00eb n\u00eb vendin ku jeton zot\u00ebria\u2026 p\u00ebrkundrazi, jan\u00eb t\u00eb pad\u00ebgjuara dhe t\u00eb papranueshme nga ana ligjore, etike e shoq\u00ebrore, si nga intelektualet e lir\u00eb ashtu edhe nga \u00e7do qytetar i thjesht\u00eb me integritet.<\/p>\n<p>Zonja Karen mund t\u00eb ket\u00eb t\u00eb gjitha arsyet profesionale q\u00eb t\u00eb mbroj\u00eb n\u00eb publik vart\u00ebsen e vet, por pyetja t\u00eb cil\u00ebs nuk mund ti shp\u00ebtojm\u00eb \u00ebsht\u00eb:<\/p>\n<p>\u00c7far\u00eb halli t\u00eb madh ka nj\u00eb diasporak q\u00eb p\u00ebrdor z\u00ebrin e vet publik p\u00ebr ti pastruar fytyr\u00ebn nj\u00eb titullari q\u00eb n\u00eb fakt ia ka nxir\u00eb fytyr\u00ebn vetes dhe c\u00ebnuar reputacionin vendit q\u00eb p\u00ebrfaq\u00ebson? Mendon se \u00ebsht\u00eb ok q\u00eb shqiptar\u00ebt t\u00eb trajtohen si q\u00ebnie pa vler\u00eb n\u00eb sht\u00ebpin\u00eb e tyre?<\/p>\n<p>Kushdo q\u00eb mendon se shqiptar\u00ebt nuk meritojn\u00eb m\u00eb shum\u00eb se kaq, b\u00ebn mir\u00eb t\u00eb kujtohet se bashkombasit tan\u00eb mbajn\u00eb shum\u00eb sfida n\u00eb kurriz n\u00eb luft\u00ebn e tyre p\u00ebr tu trajtuar me m\u00eb shum\u00eb dinjitet\u2026 nga \u00e7dokush\u2026 dhe nuk kan\u00eb nevoj\u00eb q\u00eb ne q\u00eb jetojm\u00eb larg tu varim edhe ndonj\u00eb gur tjet\u00ebr n\u00eb qaf\u00eb.<\/p>\n<p>Ne q\u00eb jetojm\u00eb larg, n\u00eb qoft\u00eb se nuk b\u00ebjm\u00eb dot dicka p\u00ebr tu dh\u00ebn\u00eb zem\u00ebr e leht\u00ebsuar barr\u00ebn njer\u00ebzve tan\u00eb n\u00eb atdhe, b\u00ebjm\u00eb mir\u00eb t\u00eb heshtim e t\u00eb mbajm\u00eb gjuh\u00ebn.<\/p>\n<p>Dhe n\u00eb fund di\u00e7ka p\u00ebr k\u00ebt\u00eb \u201cmod\u00ebn\u201d e re q\u00eb n\u00eb fakt tregon nj\u00eb arroganc\u00eb t\u00eb skajshme: bllokimin e mund\u00ebsis\u00eb s\u00eb komenteve t\u00eb publikut n\u00eb nj\u00eb status q\u00eb i drejtohet publikut, madje duke i p\u00ebrcaktuar edhe sa fatlum \u00ebsht\u00eb. Mesa duket disa mendojn\u00eb se hedhja e \u201ckumteve\u201d apo e opinionit t\u00eb tyre n\u00eb rrjet \u00ebsht\u00eb nj\u00eb sh\u00ebrbim i madh p\u00ebr shoq\u00ebrin\u00eb\u2026nd\u00ebrsa ajo q\u00eb mendojn\u00eb \u201cfatlum\u00ebt\u201d nuk ia vlen t\u00eb d\u00ebgjohet.<\/p>\n<p>Kushdo q\u00eb hedh di\u00e7ka n\u00eb rrjet, b\u00ebn mir\u00eb t\u2019i dal\u00eb p\u00ebr zot atyre q\u00eb shkruan. Dhe kjo n\u00ebnkupton s\u00eb pari t\u00eb d\u00ebgjuarit e mendimeve t\u00eb njer\u00ebzve t\u00eb cil\u00ebve u drejtohet ky status, mir\u00eb a keq, trash\u00eb a holl\u00eb, ashtu si\u00e7 jan\u00eb komentet.<\/p>\n<p>P\u00ebrndryshe nuk b\u00ebjm\u00eb gj\u00eb tjet\u00ebr ve\u00e7se prodhojm\u00eb monologje q\u00eb nuk i sh\u00ebrbejn\u00eb askujt, p\u00ebrve\u00e7se axhendave e gratifikimeve personale\u2026 t\u00eb cilat, n\u00eb shumic\u00ebn e rasteve, p\u00ebrkthehen ve\u00e7se si nj\u00eb gur shtes\u00eb varur n\u00eb qaf\u00ebn e brisht\u00eb t\u00eb bashkomb\u00ebsave tan\u00eb n\u00eb atdhe.<\/p>\n<p><a href=\"https:\/\/www.facebook.com\/hashtag\/enoughisenough?__eep__=6&amp;__cft__%5b0%5d=AZWie2R6rL62btB6qq87F6MUPtBxukf-xgiIBUjOYFPRpOpXZhYY2le7pUblX0XUgo2BUvFmHnjhWAv0TdpCaRJn4B7NG9xfGegAvT5MMzdGu0JuvHoay7m_WwzQr8bArkK3065qiyQ-uVR_ALKNIece56enWU5JnhEuJTRrBUgLLQ&amp;__tn__=*NK-R\" target=\"_blank\" rel=\"noopener\">#enoughisenough<\/a><\/p>\n<p><img decoding=\"async\" src=\"https:\/\/scontent.ftia4-1.fna.fbcdn.net\/v\/t39.30808-6\/292622950_452191233396328_1150885430842612202_n.jpg?_nc_cat=102&amp;ccb=1-7&amp;_nc_sid=8bfeb9&amp;_nc_eui2=AeEEhht2IMSDnZlztRKxZeIzEJo28ZVSSEEQmjbxlVJIQWbwzbvGuIydoPQkGtdHgic&amp;_nc_ohc=_SuMc7R3niwAX8HeFH4&amp;_nc_ht=scontent.ftia4-1.fna&amp;oh=00_AT_4TQ4YUfm2AvNapmcj0HQ7V1RuU0S1AkKE2zp7sklbLw&amp;oe=62D3AB6C\" alt=\"Mund t\u00eb jet\u00eb nj\u00eb imazh i teksti\" \/><\/p>\n<p><img decoding=\"async\" src=\"https:\/\/scontent.ftia4-1.fna.fbcdn.net\/v\/t39.30808-6\/292643617_452191360062982_6527749059472410344_n.jpg?_nc_cat=104&amp;ccb=1-7&amp;_nc_sid=8bfeb9&amp;_nc_eui2=AeGkUhvV6wIyp3HpJpYRYznSqoaJ9LpfWOCqhon0ul9Y4J8UWHNtaOCL2hOjz17tJYE&amp;_nc_ohc=XFabPD4SKTUAX8TMZef&amp;_nc_ht=scontent.ftia4-1.fna&amp;oh=00_AT9LYI6_UpibYKTFXM3S7fTXWrz2nRXKrPk7BB0GMeqw9g&amp;oe=62D41799\" alt=\"Mund t\u00eb jet\u00eb nj\u00eb imazh i teksti\" \/><\/p>\n<p><img decoding=\"async\" src=\"https:\/\/scontent.ftia4-1.fna.fbcdn.net\/v\/t39.30808-6\/292133456_452191396729645_1675310535034586181_n.jpg?_nc_cat=101&amp;ccb=1-7&amp;_nc_sid=8bfeb9&amp;_nc_eui2=AeF1h0Xk7BYeJTi4selDuWzI4wr6j91Q2m_jCvqP3VDab0VTLoFCufmxPZyScfynurY&amp;_nc_ohc=P5g5MR6KGe8AX9mVDb5&amp;_nc_ht=scontent.ftia4-1.fna&amp;oh=00_AT-akNtVS5jrT_Ya48UKzKIne2G5mqFC1maz_ApjV-NCdw&amp;oe=62D427F8\" alt=\"Mund t\u00eb jet\u00eb nj\u00eb imazh i 3 persona dhe teksti q\u00eb thot\u00eb &quot;change.org Petition details Comments Updates Enough is Enouah! Ambasador Kim- Enough is Enough&quot;\" \/><\/p>\n<p>&nbsp;<\/p>\n","protected":false},"excerpt":{"rendered":"<p>Nga Iva V.GRILLO Mesa duket, zonja Karen nuk \u00ebsht\u00eb e vetmja q\u00eb mendon se shqiptar\u00ebt duhet t\u00eb falenderojn\u00eb Zotin p\u00ebr prezenc\u00ebn e ambasadores Kim n\u00eb Shqip\u00ebri. P\u00ebr kujtes\u00eb, para disa muajsh, eprorja e zonj\u00ebs Kim u &#8220;rikujtoi&#8221; shqiptar\u00ebve q\u00eb m\u00eb mir\u00eb se Ambasadorja q\u00eb u ofroi bar nuk mund t\u00eb gjenin dhe ndoshta as nuk &hellip;<\/p>\n","protected":false},"author":4,"featured_media":0,"comment_status":"open","ping_status":"open","sticky":false,"template":"","format":"standard","meta":{"footnotes":""},"categories":[44],"tags":[],"class_list":["post-17720","post","type-post","status-publish","format-standard","","category-editorial"],"_links":{"self":[{"href":"https:\/\/rdnews.al\/index.php\/wp-json\/wp\/v2\/posts\/17720","targetHints":{"allow":["GET"]}}],"collection":[{"href":"https:\/\/rdnews.al\/index.php\/wp-json\/wp\/v2\/posts"}],"about":[{"href":"https:\/\/rdnews.al\/index.php\/wp-json\/wp\/v2\/types\/post"}],"author":[{"embeddable":true,"href":"https:\/\/rdnews.al\/index.php\/wp-json\/wp\/v2\/users\/4"}],"replies":[{"embeddable":true,"href":"https:\/\/rdnews.al\/index.php\/wp-json\/wp\/v2\/comments?post=17720"}],"version-history":[{"count":0,"href":"https:\/\/rdnews.al\/index.php\/wp-json\/wp\/v2\/posts\/17720\/revisions"}],"wp:attachment":[{"href":"https:\/\/rdnews.al\/index.php\/wp-json\/wp\/v2\/media?parent=17720"}],"wp:term":[{"taxonomy":"category","embeddable":true,"href":"https:\/\/rdnews.al\/index.php\/wp-json\/wp\/v2\/categories?post=17720"},{"taxonomy":"post_tag","embeddable":true,"href":"https:\/\/rdnews.al\/index.php\/wp-json\/wp\/v2\/tags?post=17720"}],"curies":[{"name":"wp","href":"https:\/\/api.w.org\/{rel}","templated":true}]}}