{"id":17727,"date":"2022-07-13T20:16:09","date_gmt":"2022-07-13T20:16:09","guid":{"rendered":"https:\/\/rdnews.al\/?p=17727"},"modified":"2022-07-13T20:16:09","modified_gmt":"2022-07-13T20:16:09","slug":"presidneti-thirrje-qeverise-nderprisni-urgjent-pagesat-fiktive-per-inceneratoret-shtoni-fondet-per-zjarret","status":"publish","type":"post","link":"https:\/\/rdnews.al\/index.php\/2022\/07\/13\/presidneti-thirrje-qeverise-nderprisni-urgjent-pagesat-fiktive-per-inceneratoret-shtoni-fondet-per-zjarret\/","title":{"rendered":"Presidneti thirrje qeveris\u00eb: Nd\u00ebrprisni urgjent pagesat fiktive p\u00ebr incenerator\u00ebt, shtoni fondet p\u00ebr zjarret"},"content":{"rendered":"<p>Thirrja e fort\u00eb e Met\u00ebs: Nd\u00ebrprisni urgjent pagesat fiktive p\u00ebr incenerator\u00ebt, shtoni fondet p\u00ebr zjarret<\/p>\n<p><strong>Reagimi i Presidentit Meta<\/strong><\/p>\n<p>T\u00cb ND\u00cbRPRITEN URGJENTISHT PAGESAT FIKTIVE P\u00cbR INCENERATOR\u00cbT DHE T\u00cb SHTOHET FONDI P\u00cbR MBROJTJEN NGA ZJARRET!<\/p>\n<p>P\u00ebr tre dit\u00eb me rradh\u00eb vatrat e zjarrit n\u00eb Malin e \u00c7ik\u00ebs n\u00eb Vlor\u00eb po shkat\u00ebrrojn\u00eb hektar\u00eb pyje, pasuri publike.<\/p>\n<p>Si\u00e7 d\u00ebshmon dhe kjo foto e fundit, flak\u00ebt po p\u00ebrparojn\u00eb me shpejt\u00ebsi drejt fshatit turistik t\u00eb Dh\u00ebrmiut, t\u00eb tejmbushur me turist\u00eb, duke k\u00ebrc\u00ebnuar gjithashtu Kondraqin dhe Borshin.<\/p>\n<p>P\u00ebr fat t\u00eb keq, Qeveria q\u00eb paguan \u00e7do dit\u00eb mij\u00ebra euro p\u00ebr mafien e incenerator\u00ebve, vijon t\u00eb mos shpenzoj\u00eb as 1 cent p\u00ebr t\u00eb shtuar fondin p\u00ebr mbrojtjen nga zjarret.<\/p>\n<p>L\u00ebnia n\u00eb m\u00ebshir\u00eb t\u00eb fatit t\u00eb pasuris\u00eb natyrore dhe moskok\u00eb\u00e7arja p\u00ebrball\u00eb k\u00ebrc\u00ebnimit serioz t\u00eb sh\u00ebndetit, jet\u00ebs dhe pron\u00ebs s\u00eb qytetar\u00ebve \u00ebsht\u00eb trondit\u00ebse!<\/p>\n<p>I b\u00ebj thirrje t\u00eb gjitha institucioneve p\u00ebrgjegj\u00ebse qendrore dhe vendore, Ministris\u00eb s\u00eb Mbrojtjes dhe Agjencis\u00eb s\u00eb Mbrojtjes Civile t\u00eb ngrihen n\u00eb k\u00ebmb\u00eb, t\u00eb marrin n\u00eb dor\u00eb situat\u00ebn dhe t\u00eb reagojn\u00eb me urgjenc\u00eb!<\/p>\n<p>E konsideroj kriminale mosnxjerrjen e m\u00ebsimeve nga e kaluara dhe mosveprimin n\u00eb koh\u00eb n\u00eb lidhje me zjarret!<\/p>\n","protected":false},"excerpt":{"rendered":"<p>Thirrja e fort\u00eb e Met\u00ebs: Nd\u00ebrprisni urgjent pagesat fiktive p\u00ebr incenerator\u00ebt, shtoni fondet p\u00ebr zjarret Reagimi i Presidentit Meta T\u00cb ND\u00cbRPRITEN URGJENTISHT PAGESAT FIKTIVE P\u00cbR INCENERATOR\u00cbT DHE T\u00cb SHTOHET FONDI P\u00cbR MBROJTJEN NGA ZJARRET! P\u00ebr tre dit\u00eb me rradh\u00eb vatrat e zjarrit n\u00eb Malin e \u00c7ik\u00ebs n\u00eb Vlor\u00eb po shkat\u00ebrrojn\u00eb hektar\u00eb pyje, pasuri publike. Si\u00e7 &hellip;<\/p>\n","protected":false},"author":4,"featured_media":0,"comment_status":"open","ping_status":"open","sticky":false,"template":"","format":"standard","meta":{"footnotes":""},"categories":[40],"tags":[],"class_list":["post-17727","post","type-post","status-publish","format-standard","","category-aktualitet"],"_links":{"self":[{"href":"https:\/\/rdnews.al\/index.php\/wp-json\/wp\/v2\/posts\/17727","targetHints":{"allow":["GET"]}}],"collection":[{"href":"https:\/\/rdnews.al\/index.php\/wp-json\/wp\/v2\/posts"}],"about":[{"href":"https:\/\/rdnews.al\/index.php\/wp-json\/wp\/v2\/types\/post"}],"author":[{"embeddable":true,"href":"https:\/\/rdnews.al\/index.php\/wp-json\/wp\/v2\/users\/4"}],"replies":[{"embeddable":true,"href":"https:\/\/rdnews.al\/index.php\/wp-json\/wp\/v2\/comments?post=17727"}],"version-history":[{"count":0,"href":"https:\/\/rdnews.al\/index.php\/wp-json\/wp\/v2\/posts\/17727\/revisions"}],"wp:attachment":[{"href":"https:\/\/rdnews.al\/index.php\/wp-json\/wp\/v2\/media?parent=17727"}],"wp:term":[{"taxonomy":"category","embeddable":true,"href":"https:\/\/rdnews.al\/index.php\/wp-json\/wp\/v2\/categories?post=17727"},{"taxonomy":"post_tag","embeddable":true,"href":"https:\/\/rdnews.al\/index.php\/wp-json\/wp\/v2\/tags?post=17727"}],"curies":[{"name":"wp","href":"https:\/\/api.w.org\/{rel}","templated":true}]}}