{"id":18030,"date":"2022-07-16T09:25:23","date_gmt":"2022-07-16T09:25:23","guid":{"rendered":"https:\/\/rdnews.al\/?p=18030"},"modified":"2022-07-16T09:25:23","modified_gmt":"2022-07-16T09:25:23","slug":"cu-mbush-mali-plot-me-rrush-manjani-te-kendoje-mirela-se-mbase-vijne-plazhistet","status":"publish","type":"post","link":"https:\/\/rdnews.al\/index.php\/2022\/07\/16\/cu-mbush-mali-plot-me-rrush-manjani-te-kendoje-mirela-se-mbase-vijne-plazhistet\/","title":{"rendered":"\u00c7&#8217;u mbush mali plot me rrush&#8230; Manjani: T\u00eb k\u00ebndoj\u00eb Mirela, se mbase vijn\u00eb plazhist\u00ebt!"},"content":{"rendered":"<p>Ish-ministri Ylli Manjani \u00ebsht\u00eb tallur me entuziazmin e Ministre s\u00eb Turizmit, Mirela Kumbaro, p\u00ebr turist\u00ebt e shum\u00eb q\u00eb gjoja po mbushin plazhet e vendit dhe emocionet e tyre aq sa &#8220;nuk i p\u00ebrshkruajn\u00eb dot, t\u00eb paimagjinueshme&#8221;.<\/p>\n<p>Pak minuta pasi Kumbaro p\u00ebrsh\u00ebndeti t\u00eb shtun\u00ebn q\u00eb n\u00eb m\u00ebngjes me\u00a0g\u00ebzim n\u00eb Facebook, \u201cmir\u00ebm\u00ebngjes me \u00e7aste nga pushimet e artist\u00ebve polak\u00eb\u2026q\u00eb shkruajn\u00eb se ky vend na dha aq shum\u00eb emocione t\u00eb ndryshme sa nuk p\u00ebrshkruhen dot\u2026 e keni imagjinuar k\u00ebshtu Shqip\u00ebrin\u00eb\u201d, Manjani ka publikuar nj\u00eb fotografi t\u00eb plazheve pa pushues\u00a0me k\u00ebt\u00eb sh\u00ebnim ironik:<\/p>\n<p>\u201cUn\u00eb them t\u00eb k\u00ebndoj\u00eb nj\u00eb k\u00ebng\u00eb Mirela, mbase vijn\u00eb plazhist\u00ebt. Jepi Mirela!<\/p>\n<p>&#8220;\u00c7&#8217;u mbush mali plot me rrush, plot me rrush.<br \/>\nAsnjeri nuk lahet n&#8217;det, por n\u00eb dush.<br \/>\nThot\u00eb n\u00ebneja jan\u00eb krushq, o jan\u00eb krushq.<br \/>\nJan\u00eb krushq nga Greqia, t\u00eb na rroj\u00eb qeveria.&#8221;<\/p>\n<p>Kritika kryesore nga qeveria ka qen\u00eb mungesa e higjien\u00ebs n\u00eb plazhe, ndotja e madhe e ambientit, ndotja akustike dhe sidomos, \u00e7mimet abuzive t\u00eb t\u00eb gjitha produkteve.<\/p>\n","protected":false},"excerpt":{"rendered":"<p>Ish-ministri Ylli Manjani \u00ebsht\u00eb tallur me entuziazmin e Ministre s\u00eb Turizmit, Mirela Kumbaro, p\u00ebr turist\u00ebt e shum\u00eb q\u00eb gjoja po mbushin plazhet e vendit dhe emocionet e tyre aq sa &#8220;nuk i p\u00ebrshkruajn\u00eb dot, t\u00eb paimagjinueshme&#8221;. Pak minuta pasi Kumbaro p\u00ebrsh\u00ebndeti t\u00eb shtun\u00ebn q\u00eb n\u00eb m\u00ebngjes me\u00a0g\u00ebzim n\u00eb Facebook, \u201cmir\u00ebm\u00ebngjes me \u00e7aste nga pushimet e &hellip;<\/p>\n","protected":false},"author":4,"featured_media":0,"comment_status":"open","ping_status":"open","sticky":false,"template":"","format":"standard","meta":{"footnotes":""},"categories":[40],"tags":[],"class_list":["post-18030","post","type-post","status-publish","format-standard","","category-aktualitet"],"_links":{"self":[{"href":"https:\/\/rdnews.al\/index.php\/wp-json\/wp\/v2\/posts\/18030","targetHints":{"allow":["GET"]}}],"collection":[{"href":"https:\/\/rdnews.al\/index.php\/wp-json\/wp\/v2\/posts"}],"about":[{"href":"https:\/\/rdnews.al\/index.php\/wp-json\/wp\/v2\/types\/post"}],"author":[{"embeddable":true,"href":"https:\/\/rdnews.al\/index.php\/wp-json\/wp\/v2\/users\/4"}],"replies":[{"embeddable":true,"href":"https:\/\/rdnews.al\/index.php\/wp-json\/wp\/v2\/comments?post=18030"}],"version-history":[{"count":0,"href":"https:\/\/rdnews.al\/index.php\/wp-json\/wp\/v2\/posts\/18030\/revisions"}],"wp:attachment":[{"href":"https:\/\/rdnews.al\/index.php\/wp-json\/wp\/v2\/media?parent=18030"}],"wp:term":[{"taxonomy":"category","embeddable":true,"href":"https:\/\/rdnews.al\/index.php\/wp-json\/wp\/v2\/categories?post=18030"},{"taxonomy":"post_tag","embeddable":true,"href":"https:\/\/rdnews.al\/index.php\/wp-json\/wp\/v2\/tags?post=18030"}],"curies":[{"name":"wp","href":"https:\/\/api.w.org\/{rel}","templated":true}]}}