{"id":18035,"date":"2022-07-16T11:51:49","date_gmt":"2022-07-16T11:51:49","guid":{"rendered":"https:\/\/rdnews.al\/?p=18035"},"modified":"2022-07-16T11:52:44","modified_gmt":"2022-07-16T11:52:44","slug":"denoncimi-i-mjekut-rama-ka-urdheruar-vaksinimin-e-qytetareve-me-vaksina-te-skaduara","status":"publish","type":"post","link":"https:\/\/rdnews.al\/index.php\/2022\/07\/16\/denoncimi-i-mjekut-rama-ka-urdheruar-vaksinimin-e-qytetareve-me-vaksina-te-skaduara\/","title":{"rendered":"Denoncimi i mjekut: Rama ka urdh\u00ebruar vaksinimin e qytetar\u00ebve me vaksina t\u00eb skaduara"},"content":{"rendered":"<p>Kryetari i PD, Sali Berisha \u00ebsht\u00eb informuar nga nj\u00eb mjek, se jan\u00eb urdh\u00ebruar nga Ministria e Sh\u00ebndet\u00ebsis\u00eb t\u00eb vazhdojn\u00eb vaksinimin e popullsis\u00eb me dozat e Pfizer, t\u00eb cilat n\u00eb fakt skadojn\u00eb n\u00eb korrik. Denoncimi p\u00ebrforcohet edhe nga shkresa\u00a0zyrtare q\u00eb e shoq\u00ebron e dat\u00ebs 24 qershor 2022 si dhe nga skandenca q\u00eb shkruhet realisht mbi shishk\u00ebn e vaksin\u00ebs.<\/p>\n<p>Berisha e ka d\u00ebnuar ashp\u00ebr k\u00ebt\u00eb urdh\u00ebr dhe e ka cil\u00ebsuar nj\u00eb \u201cakt t\u00eb pap\u00ebrgjegjsh\u00ebm dhe t\u00eb rreziksh\u00ebm p\u00ebr sh\u00ebndetin e njeriut\u201d n\u00eb thirrjen q\u00eb iu ka drejtuar sot qytetar\u00ebve.<\/p>\n<p><strong>Postimi i kreut t\u00eb PD, Berisha<\/strong><\/p>\n<p>Nj\u00eb akt i pap\u00ebrgjegjsh\u00ebm dhe i rreziksh\u00ebm p\u00ebr sh\u00ebndetin e njeriut!<\/p>\n<p>T\u00eb dashur miq, n\u00eb nj\u00eb akt t\u00eb pap\u00ebrgjegjsh\u00ebm dhe me rrezik p\u00ebr jet\u00ebn e njer\u00ebzve, Ministria e Sh\u00ebndet\u00ebsis\u00eb ka urdh\u00ebruar p\u00ebrdorimin e vaksinave anti-covid t\u00eb skaduara, duke rrezikuar k\u00ebshtu jo vet\u00ebm mbrojtjen e t\u00eb vaksinuarve nga virusi, por duke sjell\u00eb edhe pasoja t\u00eb tjera t\u00eb rrezikshme nga substancat e skaduara.<\/p>\n<p>D\u00ebnoj me ashp\u00ebrsin\u00eb m\u00eb t\u00eb madhe k\u00ebt\u00eb akt t\u00eb pap\u00ebrgjegjsh\u00ebm t\u00eb qeveris\u00eb dhe i b\u00ebj thirrje qytetar\u00ebve t\u00eb mos pranojn\u00eb t\u00eb vaksinohen me vaksina t\u00eb skaduara.<\/p>\n<p>Lexoni m\u00eb posht\u00eb denoncimin e mjekut dixhital. <a href=\"https:\/\/www.facebook.com\/hashtag\/sb?__eep__=6&amp;__cft__%5b0%5d=AZWjtAOTD3KBtCgOrhgZD3gYp4xTXMmSpJJVO4JnQdAgVlokmEnPzUcCpT-ZYiex1gGpU7qjzhpkIN1x9sMPYU1TJ_avGaXocmEB04aeqJdOq2u2N263YsTca2VxHbhsxWALaBEAEkA8BGCKzyuUbKG1fE3miQucLS1ojkhuTQts4A&amp;__tn__=*NK-R\" target=\"_blank\" rel=\"noopener\">#sb<\/a><\/p>\n<p>&#8211; &#8211; &#8211; &#8211; &#8211;<\/p>\n<p>Pershendetje dr po ju informoj se jemi urdheruar te vazhdojme vaksinimin me lotin e vaksines Pfizer qe ka skaduar ne Korrik dhe sipas urdherit duhet qe kete lot ta perdorim gjere ne tetor.<\/p>\n<p><img loading=\"lazy\" decoding=\"async\" class=\"\" src=\"https:\/\/scontent.ftia4-1.fna.fbcdn.net\/v\/t39.30808-6\/292967332_608784207269352_6316524253255175422_n.jpg?_nc_cat=1&amp;ccb=1-7&amp;_nc_sid=8bfeb9&amp;_nc_eui2=AeH7mAkWL3YrZETmn7sDMGZr5P0fm2HAHzzk_R-bYcAfPEVsuZG29SPL20g2EzMsl8g&amp;_nc_ohc=LFSudEpi_0kAX-FjX-u&amp;_nc_ht=scontent.ftia4-1.fna&amp;oh=00_AT_hg6urskZ886_YTbVJwj1nSGirYJvKUVKCdIe_wYWf2Q&amp;oe=62D745E6\" alt=\"P\u00ebrshkrimi i fotografis\u00eb nuk \u00ebsht\u00eb i disponuesh\u00ebm.\" width=\"493\" height=\"676\" \/><\/p>\n<p><img loading=\"lazy\" decoding=\"async\" class=\"\" src=\"https:\/\/scontent.ftia4-1.fna.fbcdn.net\/v\/t39.30808-6\/293150278_608787123935727_7679999987703752193_n.jpg?_nc_cat=103&amp;ccb=1-7&amp;_nc_sid=8bfeb9&amp;_nc_eui2=AeH7ibz0LxcF-bmdeboPuV31P-lfvAU4hFo_6V-8BTiEWlrhll-R7PCMKS0Z6YO3O7A&amp;_nc_ohc=Uyqf-ohd_FoAX-ZfzN2&amp;_nc_ht=scontent.ftia4-1.fna&amp;oh=00_AT9bDZOhHXCRZZChgL23viVgmPTJYDjbWaHkal8BpI0q8Q&amp;oe=62D87685\" alt=\"P\u00ebrshkrimi i fotografis\u00eb nuk \u00ebsht\u00eb i disponuesh\u00ebm.\" width=\"551\" height=\"646\" \/><\/p>\n<p>&nbsp;<\/p>\n","protected":false},"excerpt":{"rendered":"<p>Kryetari i PD, Sali Berisha \u00ebsht\u00eb informuar nga nj\u00eb mjek, se jan\u00eb urdh\u00ebruar nga Ministria e Sh\u00ebndet\u00ebsis\u00eb t\u00eb vazhdojn\u00eb vaksinimin e popullsis\u00eb me dozat e Pfizer, t\u00eb cilat n\u00eb fakt skadojn\u00eb n\u00eb korrik. Denoncimi p\u00ebrforcohet edhe nga shkresa\u00a0zyrtare q\u00eb e shoq\u00ebron e dat\u00ebs 24 qershor 2022 si dhe nga skandenca q\u00eb shkruhet realisht mbi shishk\u00ebn &hellip;<\/p>\n","protected":false},"author":4,"featured_media":0,"comment_status":"open","ping_status":"open","sticky":false,"template":"","format":"standard","meta":{"footnotes":""},"categories":[40],"tags":[],"class_list":["post-18035","post","type-post","status-publish","format-standard","","category-aktualitet"],"_links":{"self":[{"href":"https:\/\/rdnews.al\/index.php\/wp-json\/wp\/v2\/posts\/18035","targetHints":{"allow":["GET"]}}],"collection":[{"href":"https:\/\/rdnews.al\/index.php\/wp-json\/wp\/v2\/posts"}],"about":[{"href":"https:\/\/rdnews.al\/index.php\/wp-json\/wp\/v2\/types\/post"}],"author":[{"embeddable":true,"href":"https:\/\/rdnews.al\/index.php\/wp-json\/wp\/v2\/users\/4"}],"replies":[{"embeddable":true,"href":"https:\/\/rdnews.al\/index.php\/wp-json\/wp\/v2\/comments?post=18035"}],"version-history":[{"count":0,"href":"https:\/\/rdnews.al\/index.php\/wp-json\/wp\/v2\/posts\/18035\/revisions"}],"wp:attachment":[{"href":"https:\/\/rdnews.al\/index.php\/wp-json\/wp\/v2\/media?parent=18035"}],"wp:term":[{"taxonomy":"category","embeddable":true,"href":"https:\/\/rdnews.al\/index.php\/wp-json\/wp\/v2\/categories?post=18035"},{"taxonomy":"post_tag","embeddable":true,"href":"https:\/\/rdnews.al\/index.php\/wp-json\/wp\/v2\/tags?post=18035"}],"curies":[{"name":"wp","href":"https:\/\/api.w.org\/{rel}","templated":true}]}}