{"id":18069,"date":"2022-07-17T18:40:15","date_gmt":"2022-07-17T18:40:15","guid":{"rendered":"https:\/\/rdnews.al\/?p=18069"},"modified":"2022-07-17T18:40:15","modified_gmt":"2022-07-17T18:40:15","slug":"berisha-rendi-dhe-siguria-jane-ne-duart-e-mafies-krimi-horror-ne-fushe-kruje","status":"publish","type":"post","link":"https:\/\/rdnews.al\/index.php\/2022\/07\/17\/berisha-rendi-dhe-siguria-jane-ne-duart-e-mafies-krimi-horror-ne-fushe-kruje\/","title":{"rendered":"Berisha: Rendi dhe siguria jan\u00eb n\u00eb duart e mafies! Krimi horror n\u00eb Fush\u00eb Kruj\u00eb"},"content":{"rendered":"<p>Kryetari i PD, Sali Berisha ka reaguar pas ngjarjes s\u00eb r\u00ebnd\u00eb ndodhur n\u00eb Fush\u00eb Kruj\u00eb ku jan\u00eb ekzekutuar me bresh\u00ebri plumbash tre t\u00eb rinj.<\/p>\n<p>Duke publikuar n\u00eb faqen e tij n\u00eb Facebook nj\u00eb video nga vendngjarja si dhe nj\u00eb mesazh t\u00eb nj\u00eb qytetari, Sali Berisha shkruan se, \u201crendi dhe siguria jan\u00eb n\u00eb duart e mafies\u201d.<\/p>\n<p>Berisha e quan ngjarjen nj\u00eb \u201ckrim horror\u201d. \u201cPolicia ndiqte nga af\u00ebr ngjarjen, duke vendosur gjoba disa metra m\u00eb tutje\u201d, shkruan kreu i PD n\u00eb mesazhin e tij.<\/p>\n<p><strong>Postimi i plot\u00eb <\/strong><\/p>\n<p>Rendi dhe siguria n\u00eb duart e mafies. Krim horror, ekzekutim mafioz dit\u00ebn p\u00ebr drek\u00eb i tre personave n\u00eb mes t\u00eb Fush\u00eb Kruj\u00ebs, dy prej t\u00eb cil\u00ebve jan\u00eb djegur n\u00eb makin\u00eb. Policia ndiqte nga af\u00ebr ngjarjen, duke vendosur gjoba disa metra m\u00eb tutje. Sipas policis\u00eb, vras\u00ebsit largohen si gjithnj\u00eb n\u00eb drejtim t\u00eb paditur, me ose pa ndihm\u00ebn e saj.<\/p>\n<p>*Lexoni mesazhin e qytetarit dixhital. Sb<\/p>\n<p>Sipas d\u00ebshmitar\u00ebve q\u00eb kan\u00eb pa TMERR me sy thon\u00eb se autoret kan\u00eb q\u00eblluar me bresheri t\u00eb dy automatik\u00ebve n\u00eb ecje paralel t\u00eb makinave duke i l\u00ebn\u00eb t\u00eb vdekur n\u00eb vend shoferin dhe pasagjerin, pasi jane larguar per disa metra kan\u00eb pa nga pasqyra q\u00eb nj\u00eb person i tret\u00eb doli nga makina e viktimave, ateher\u00eb jan\u00eb kthyer serish dhe e kan\u00eb qelluar edhe personin e 3 p\u00ebr vdekje, dhe aty kan\u00eb djegur edhe makin\u00ebn, nd\u00ebrsa policia e rilindjes ka qen\u00eb disa metra me tutje duke soditur krimin dhe gjobitur qytetaret! Nuk dihet roli i saj n\u00eb k\u00ebt\u00eb masak\u00ebr por vendi i zgjedhur nga vras\u00ebsit flet vet. Viktimat e krimit horror jane D. Vata, B. Martini, B. Hoxha.<\/p>\n","protected":false},"excerpt":{"rendered":"<p>Kryetari i PD, Sali Berisha ka reaguar pas ngjarjes s\u00eb r\u00ebnd\u00eb ndodhur n\u00eb Fush\u00eb Kruj\u00eb ku jan\u00eb ekzekutuar me bresh\u00ebri plumbash tre t\u00eb rinj. Duke publikuar n\u00eb faqen e tij n\u00eb Facebook nj\u00eb video nga vendngjarja si dhe nj\u00eb mesazh t\u00eb nj\u00eb qytetari, Sali Berisha shkruan se, \u201crendi dhe siguria jan\u00eb n\u00eb duart e mafies\u201d. &hellip;<\/p>\n","protected":false},"author":4,"featured_media":18070,"comment_status":"open","ping_status":"open","sticky":false,"template":"","format":"standard","meta":{"footnotes":""},"categories":[37],"tags":[],"class_list":["post-18069","post","type-post","status-publish","format-standard","has-post-thumbnail","","category-politike"],"_links":{"self":[{"href":"https:\/\/rdnews.al\/index.php\/wp-json\/wp\/v2\/posts\/18069","targetHints":{"allow":["GET"]}}],"collection":[{"href":"https:\/\/rdnews.al\/index.php\/wp-json\/wp\/v2\/posts"}],"about":[{"href":"https:\/\/rdnews.al\/index.php\/wp-json\/wp\/v2\/types\/post"}],"author":[{"embeddable":true,"href":"https:\/\/rdnews.al\/index.php\/wp-json\/wp\/v2\/users\/4"}],"replies":[{"embeddable":true,"href":"https:\/\/rdnews.al\/index.php\/wp-json\/wp\/v2\/comments?post=18069"}],"version-history":[{"count":0,"href":"https:\/\/rdnews.al\/index.php\/wp-json\/wp\/v2\/posts\/18069\/revisions"}],"wp:featuredmedia":[{"embeddable":true,"href":"https:\/\/rdnews.al\/index.php\/wp-json\/wp\/v2\/media\/18070"}],"wp:attachment":[{"href":"https:\/\/rdnews.al\/index.php\/wp-json\/wp\/v2\/media?parent=18069"}],"wp:term":[{"taxonomy":"category","embeddable":true,"href":"https:\/\/rdnews.al\/index.php\/wp-json\/wp\/v2\/categories?post=18069"},{"taxonomy":"post_tag","embeddable":true,"href":"https:\/\/rdnews.al\/index.php\/wp-json\/wp\/v2\/tags?post=18069"}],"curies":[{"name":"wp","href":"https:\/\/api.w.org\/{rel}","templated":true}]}}