{"id":18092,"date":"2022-07-18T08:27:16","date_gmt":"2022-07-18T08:27:16","guid":{"rendered":"https:\/\/rdnews.al\/?p=18092"},"modified":"2022-07-18T08:27:16","modified_gmt":"2022-07-18T08:27:16","slug":"sulmi-kibernetik-ndaj-e-albania-shtyhet-regjistrimi-per-klasat-e-para-dhe-te-dhjeta","status":"publish","type":"post","link":"https:\/\/rdnews.al\/index.php\/2022\/07\/18\/sulmi-kibernetik-ndaj-e-albania-shtyhet-regjistrimi-per-klasat-e-para-dhe-te-dhjeta\/","title":{"rendered":"Sulmi kibernetik ndaj e-albania, shtyhet regjistrimi p\u00ebr klasat e para dhe t\u00eb dhjeta"},"content":{"rendered":"<p>Ministrja e Arsimit Evis Kushi ka njoftuar se pas sulmit kibernetik ndaj e-albania dhe faqeve t\u00eb tjera qeveritare, do t\u00eb shtyhet afati i regjistrimit p\u00ebr klasat e para dhe t\u00eb dhjeta.<\/p>\n<p>N\u00eb nj\u00eb njoftim n\u00eb rrjetet social Kushi tha se d\u00ebshiron t\u00eb garantoj\u00eb prind\u00ebrit dhe nx\u00ebn\u00ebsit se kjo shtyrje nuk do t\u00eb ndikoj\u00eb n\u00eb procesin e regjistrimit.<\/p>\n<p>Pas mbylljes s\u00eb detyrueshme t\u00eb sh\u00ebrbimeve publike t\u00eb platform\u00ebs e-Albania nga ana e Agjencis\u00eb Komb\u00ebtare t\u00eb Shoq\u00ebris\u00eb s\u00eb Informacionit p\u00ebr shkak t\u00eb sulmit kibernetik, Ministria e Arsimit dhe Sportit ka vendosur q\u00eb t\u00eb shtyj\u00eb afatin e regjistrimeve n\u00eb klasa t\u00eb para dhe t\u00eb dhjeta p\u00ebr nj\u00eb afat t\u00eb pacaktuar.<\/p>\n<p>\u201cP\u00ebr shkak t\u00eb sulmit kibernetik ndaj platform\u00ebs e-Albania, e cila ndikon edhe procesin e regjistrimit p\u00ebr nx\u00ebn\u00ebsit n\u00eb klasa t\u00eb para dhe t\u00eb dhjeta, kemi vendosur q\u00eb afatin e regjistrimeve ta shtyjm\u00eb deri n\u00eb nj\u00eb dat\u00eb t\u00eb pacaktuar.<\/p>\n<p>D\u00ebshiroj t\u00eb garantoj prind\u00ebrit dhe nx\u00ebn\u00ebsit se kjo nd\u00ebrprerje nuk do t\u00eb ndikoj\u00eb aspak n\u00eb procesin e regjistrimit, dhe se \u00e7do nx\u00ebn\u00ebs do t\u00eb ket\u00eb mb\u00ebshtetjen ton\u00eb t\u00eb nevojshme deri n\u00eb finalizimin e procesit. N\u00eb vijim do t\u2019ju informojm\u00eb p\u00ebrs\u00ebri p\u00ebr rihapjen e aplikimeve dhe afatet e reja t\u00eb regjistrimit\u201d-\u00a0shkruan ministrja.<\/p>\n<p>Agjencia Komb\u00ebtare e Shoq\u00ebris\u00eb s\u00eb Informacionit njoftoi dje se \u00ebsht\u00eb detyruar t\u00eb mbyll\u00eb p\u00ebrkoh\u00ebsisht aksesin e tyre n\u00eb sh\u00ebrbimet publike p\u00ebr shkak t\u00eb nj\u00eb sulmi kibernetik.\u00a0N\u00eb njoftim thuhet se p\u00ebr nj\u00eb koh\u00eb t\u00eb pacaktuar qytetar\u00ebt nuk do t\u00eb mund t\u00eb ken\u00eb akses n\u00eb faqet e sh\u00ebrbimeve online si dhe ato qeveritare deri n\u00eb momentin q\u00eb t\u00eb neutralizohen sulmet dhe t\u00eb jen\u00eb t\u00eb sigurta, duke mos rrezikuar t\u00eb dh\u00ebnat personale.<\/p>\n","protected":false},"excerpt":{"rendered":"<p>Ministrja e Arsimit Evis Kushi ka njoftuar se pas sulmit kibernetik ndaj e-albania dhe faqeve t\u00eb tjera qeveritare, do t\u00eb shtyhet afati i regjistrimit p\u00ebr klasat e para dhe t\u00eb dhjeta. N\u00eb nj\u00eb njoftim n\u00eb rrjetet social Kushi tha se d\u00ebshiron t\u00eb garantoj\u00eb prind\u00ebrit dhe nx\u00ebn\u00ebsit se kjo shtyrje nuk do t\u00eb ndikoj\u00eb n\u00eb procesin &hellip;<\/p>\n","protected":false},"author":4,"featured_media":0,"comment_status":"open","ping_status":"open","sticky":false,"template":"","format":"standard","meta":{"footnotes":""},"categories":[40],"tags":[],"class_list":["post-18092","post","type-post","status-publish","format-standard","","category-aktualitet"],"_links":{"self":[{"href":"https:\/\/rdnews.al\/index.php\/wp-json\/wp\/v2\/posts\/18092","targetHints":{"allow":["GET"]}}],"collection":[{"href":"https:\/\/rdnews.al\/index.php\/wp-json\/wp\/v2\/posts"}],"about":[{"href":"https:\/\/rdnews.al\/index.php\/wp-json\/wp\/v2\/types\/post"}],"author":[{"embeddable":true,"href":"https:\/\/rdnews.al\/index.php\/wp-json\/wp\/v2\/users\/4"}],"replies":[{"embeddable":true,"href":"https:\/\/rdnews.al\/index.php\/wp-json\/wp\/v2\/comments?post=18092"}],"version-history":[{"count":0,"href":"https:\/\/rdnews.al\/index.php\/wp-json\/wp\/v2\/posts\/18092\/revisions"}],"wp:attachment":[{"href":"https:\/\/rdnews.al\/index.php\/wp-json\/wp\/v2\/media?parent=18092"}],"wp:term":[{"taxonomy":"category","embeddable":true,"href":"https:\/\/rdnews.al\/index.php\/wp-json\/wp\/v2\/categories?post=18092"},{"taxonomy":"post_tag","embeddable":true,"href":"https:\/\/rdnews.al\/index.php\/wp-json\/wp\/v2\/tags?post=18092"}],"curies":[{"name":"wp","href":"https:\/\/api.w.org\/{rel}","templated":true}]}}