{"id":18186,"date":"2022-07-19T10:16:19","date_gmt":"2022-07-19T10:16:19","guid":{"rendered":"https:\/\/rdnews.al\/?p=18186"},"modified":"2022-07-19T10:16:19","modified_gmt":"2022-07-19T10:16:19","slug":"rel-hapja-e-negociatave-me-be-te-marten-eshte-simbolike-dhe-jo-reale","status":"publish","type":"post","link":"https:\/\/rdnews.al\/index.php\/2022\/07\/19\/rel-hapja-e-negociatave-me-be-te-marten-eshte-simbolike-dhe-jo-reale\/","title":{"rendered":"REL: Hapja e negociatave me BE t\u00eb mart\u00ebn \u00ebsht\u00eb \u2018simbolike\u2019 dhe jo reale"},"content":{"rendered":"<p>Radio \u2018Evropa e Lir\u00eb\u2019 raportoi t\u00eb mart\u00ebn se Shqip\u00ebria dhe Maqedonia e Veriut hap\u00ebn t\u00eb mart\u00ebn negociatat. Por agjencia e njohur shkruan se kjo \u00ebsht\u00eb nj\u00eb hapje simbolike.<\/p>\n<p><em>\u201cHapja e bisedimeve p\u00ebr Shkupin dhe Tiran\u00ebn vjen pasi m\u00eb 16 korrik, Kuvendi maqedonas miratoi nj\u00eb propozim francez q\u00eb mund\u00ebsoi heqjen e vetos s\u00eb Bullgaris\u00eb p\u00ebr nisjen e bisedimeve me Shkupin.<\/em><\/p>\n<p><em>Megjithat\u00eb, hapja e bisedimeve t\u00eb mart\u00ebn n\u00eb Bruksel \u00ebsht\u00eb \u201csimbolike\u201d, pasi bisedimet reale apo ato p\u00ebr kapitujt e BE-s\u00eb do t\u00eb nisin vet\u00ebm pasi Maqedonia e Veriut t\u00eb ndryshoj\u00eb Kushtetut\u00ebn e saj p\u00ebr p\u00ebrfshirjen n\u00eb t\u00eb t\u00eb bullgar\u00ebve, si t\u00eb barabart\u00eb me popujt e tjer\u00eb.<\/em><\/p>\n<p><em>K\u00ebt\u00eb e tha edhe ministri i Jasht\u00ebm i Maqedonis\u00eb s\u00eb Veriut, Bujar Osmani, pas n\u00ebnshkrimit t\u00eb protokollit me ministren e Jashtme bullgare n\u00eb detyr\u00eb, Teodora Gen\u00e7ovska.<\/em><\/p>\n<p><em>Maqedonia e Veriut ka marr\u00eb statusin e vendit kandidat m\u00eb 2005 dhe Shqip\u00ebria m\u00eb 2014,\u201d<\/em>\u00a0shkruan agjencia.<\/p>\n<p>Kujtojm\u00eb se opozita maqedonase ka shprehur rezervat e saj p\u00ebr marr\u00ebveshjen, duke mos premtuar se votat e saj do jen\u00eb p\u00ebr ndryshimin e Kushtetut\u00ebs, \u00e7ka do e rikthente ng\u00ebr\u00e7in p\u00ebr hapjen e negociatave.<\/p>\n","protected":false},"excerpt":{"rendered":"<p>Radio \u2018Evropa e Lir\u00eb\u2019 raportoi t\u00eb mart\u00ebn se Shqip\u00ebria dhe Maqedonia e Veriut hap\u00ebn t\u00eb mart\u00ebn negociatat. Por agjencia e njohur shkruan se kjo \u00ebsht\u00eb nj\u00eb hapje simbolike. \u201cHapja e bisedimeve p\u00ebr Shkupin dhe Tiran\u00ebn vjen pasi m\u00eb 16 korrik, Kuvendi maqedonas miratoi nj\u00eb propozim francez q\u00eb mund\u00ebsoi heqjen e vetos s\u00eb Bullgaris\u00eb p\u00ebr nisjen &hellip;<\/p>\n","protected":false},"author":4,"featured_media":0,"comment_status":"open","ping_status":"open","sticky":false,"template":"","format":"standard","meta":{"footnotes":""},"categories":[37],"tags":[],"class_list":["post-18186","post","type-post","status-publish","format-standard","","category-politike"],"_links":{"self":[{"href":"https:\/\/rdnews.al\/index.php\/wp-json\/wp\/v2\/posts\/18186","targetHints":{"allow":["GET"]}}],"collection":[{"href":"https:\/\/rdnews.al\/index.php\/wp-json\/wp\/v2\/posts"}],"about":[{"href":"https:\/\/rdnews.al\/index.php\/wp-json\/wp\/v2\/types\/post"}],"author":[{"embeddable":true,"href":"https:\/\/rdnews.al\/index.php\/wp-json\/wp\/v2\/users\/4"}],"replies":[{"embeddable":true,"href":"https:\/\/rdnews.al\/index.php\/wp-json\/wp\/v2\/comments?post=18186"}],"version-history":[{"count":0,"href":"https:\/\/rdnews.al\/index.php\/wp-json\/wp\/v2\/posts\/18186\/revisions"}],"wp:attachment":[{"href":"https:\/\/rdnews.al\/index.php\/wp-json\/wp\/v2\/media?parent=18186"}],"wp:term":[{"taxonomy":"category","embeddable":true,"href":"https:\/\/rdnews.al\/index.php\/wp-json\/wp\/v2\/categories?post=18186"},{"taxonomy":"post_tag","embeddable":true,"href":"https:\/\/rdnews.al\/index.php\/wp-json\/wp\/v2\/tags?post=18186"}],"curies":[{"name":"wp","href":"https:\/\/api.w.org\/{rel}","templated":true}]}}