{"id":18241,"date":"2022-07-19T18:44:40","date_gmt":"2022-07-19T18:44:40","guid":{"rendered":"https:\/\/rdnews.al\/?p=18241"},"modified":"2022-07-19T18:44:40","modified_gmt":"2022-07-19T18:44:40","slug":"mustafaj-rama-genjeu-ne-bruksel-nuk-e-ka-caktuar-brukseli-formulen","status":"publish","type":"post","link":"https:\/\/rdnews.al\/index.php\/2022\/07\/19\/mustafaj-rama-genjeu-ne-bruksel-nuk-e-ka-caktuar-brukseli-formulen\/","title":{"rendered":"Mustafaj: Rama g\u00ebnjeu n\u00eb Bruksel, nuk e ka caktuar Brukseli formul\u00ebn&#8230;"},"content":{"rendered":"<p>Shqip\u00ebria ka nisur sot zyrtarisht bisedimet me Brukselin p\u00ebr hapat q\u00eb do t\u00eb nd\u00ebrmerren n\u00eb vijim n\u00eb rrug\u00ebn drejt integrimit t\u00eb Bashkimin Evropian. Megjithat\u00eb, Besnik Mustafaj, thekson se nuk mund t\u00eb themi q\u00eb jan\u00eb \u00e7elur negociatat por se \u00ebsht\u00eb \u00e7elur rruga drejt k\u00ebtyre negociatave.<\/p>\n<p>Mustafaj theksoi se, procesi \u00ebsht\u00eb i kthyesh\u00ebm dhe n\u00ebse vendi nuk b\u00ebn progres n\u00eb akset kryesore, proceset euro-integruese mund t\u00eb mbesin n\u00eb vend.<\/p>\n<p>\u201cJemi n\u00eb paradhom\u00eb, por ndryshimi \u00ebsht\u00eb q\u00eb dera nuk \u00ebsht\u00eb e mbyllur. Procesi \u00ebsht\u00eb i kthyesh\u00ebm. N\u00ebse vendi nuk b\u00ebn progres n\u00eb akset kryesore, si demokracia, t\u00eb drejtat, lufta kund\u00ebr korrupsionit dhe krimit t\u00eb organizuar, ka kthim mbrapa\u201d, tha Mustafaj.<\/p>\n<p>Analisti solli n\u00eb v\u00ebmendje se vullneti i secilit shtet an\u00ebtar mund t\u00eb ndaloj\u00eb n\u00eb \u00e7do moment ecurin\u00eb e negociatave.<\/p>\n<p>\u201cKthimi pas do t\u00eb thot\u00eb q\u00eb mund t\u00eb humb\u00ebsh edhe t\u00eb drejt\u00ebn e negociatave. Serbia e ka mbetur te 4 kapitujt. Lufta kund\u00ebr korrupsionit do t\u00eb jet\u00eb q\u00eb n\u00eb fillim.<\/p>\n<p>Brukseli negociatat i ka kryesisht teknike. Mund t\u00eb bindet nj\u00eb shtet, por t\u00eb del nj\u00eb vend, cilido q\u00eb thot\u00eb se kam t\u00eb dh\u00ebna t\u00eb tjera. Avancimi \u00ebsht\u00eb kur nuk \u00ebsht\u00eb m\u00eb me g\u00ebnjeshtra nga ana e qeveris\u00eb\u201d, deklaroi Mustafaj.<\/p>\n<p>Tashm\u00eb n\u00eb k\u00ebt\u00eb stad, BE nuk do t\u00eb jet\u00eb thjesht\u00eb v\u00ebzhguese apo k\u00ebshilluese p\u00ebr procese dhe reforma t\u00eb r\u00ebnd\u00ebsishme n\u00eb vend. Nj\u00eb shembull \u00ebsht\u00eb edhe q\u00ebndrimi i mbajtur deri m\u00eb tani p\u00ebr amnistin\u00eb fiskale.<\/p>\n<p>Duke u kthyer tek d\u00ebrgimi i delegacionit shqiptar n\u00eb Bruksel, kujtojm\u00eb se p\u00ebrfaq\u00ebsues t\u00eb opozit\u00ebs nuk ishin mes tyre.<\/p>\n<p>Kryeministri Edi Rama e justifikoi mosprezenc\u00ebn e tyre me faktin se, \u201cende nuk dihet kush \u00ebsht\u00eb n\u00eb radh\u00ebt opozitare\u201d. Ky problem, sipas kreut t\u00eb qeveris\u00eb, nuk kishte pse t\u00eb \u00e7ohej n\u00eb selin\u00eb e BE-s\u00eb.<\/p>\n<p>Analisti Besnik Mustafaj u shpreh se, p\u00ebrkund\u00ebr asaj q\u00eb u deklarua, Brukseli nuk kishte caktuar asnj\u00eb format.<\/p>\n<p>\u201cNuk ka detyrim nga Brukseli kush do t\u00eb vij\u00eb. Ftohet qeveria dhe pastaj vendoset se kush do t\u00eb shkoj\u00eb. Rama mund t\u00eb mos shkonte as vet\u00eb. G\u00ebnjeu, nuk e ka caktuar Brukseli formul\u00ebn.<\/p>\n<p>Formatin e kemi caktuar ne n\u00eb Tiran\u00eb. Mandaton k\u00eb t\u00eb doj\u00eb qeveria. Ajo q\u00eb thot\u00eb Rama \u00ebsht\u00eb g\u00ebnjesht\u00ebr. Ai g\u00ebnjen. Kush e pengonte t\u00eb merrte n\u00ebnkryetaren e parlamentit, kryetaren e komisionit t\u00eb integrimit&#8221;, tha Mustafaj.<\/p>\n","protected":false},"excerpt":{"rendered":"<p>Shqip\u00ebria ka nisur sot zyrtarisht bisedimet me Brukselin p\u00ebr hapat q\u00eb do t\u00eb nd\u00ebrmerren n\u00eb vijim n\u00eb rrug\u00ebn drejt integrimit t\u00eb Bashkimin Evropian. Megjithat\u00eb, Besnik Mustafaj, thekson se nuk mund t\u00eb themi q\u00eb jan\u00eb \u00e7elur negociatat por se \u00ebsht\u00eb \u00e7elur rruga drejt k\u00ebtyre negociatave. Mustafaj theksoi se, procesi \u00ebsht\u00eb i kthyesh\u00ebm dhe n\u00ebse vendi nuk &hellip;<\/p>\n","protected":false},"author":4,"featured_media":4106,"comment_status":"open","ping_status":"open","sticky":false,"template":"","format":"standard","meta":{"footnotes":""},"categories":[40],"tags":[],"class_list":["post-18241","post","type-post","status-publish","format-standard","has-post-thumbnail","","category-aktualitet"],"_links":{"self":[{"href":"https:\/\/rdnews.al\/index.php\/wp-json\/wp\/v2\/posts\/18241","targetHints":{"allow":["GET"]}}],"collection":[{"href":"https:\/\/rdnews.al\/index.php\/wp-json\/wp\/v2\/posts"}],"about":[{"href":"https:\/\/rdnews.al\/index.php\/wp-json\/wp\/v2\/types\/post"}],"author":[{"embeddable":true,"href":"https:\/\/rdnews.al\/index.php\/wp-json\/wp\/v2\/users\/4"}],"replies":[{"embeddable":true,"href":"https:\/\/rdnews.al\/index.php\/wp-json\/wp\/v2\/comments?post=18241"}],"version-history":[{"count":0,"href":"https:\/\/rdnews.al\/index.php\/wp-json\/wp\/v2\/posts\/18241\/revisions"}],"wp:featuredmedia":[{"embeddable":true,"href":"https:\/\/rdnews.al\/index.php\/wp-json\/wp\/v2\/media\/4106"}],"wp:attachment":[{"href":"https:\/\/rdnews.al\/index.php\/wp-json\/wp\/v2\/media?parent=18241"}],"wp:term":[{"taxonomy":"category","embeddable":true,"href":"https:\/\/rdnews.al\/index.php\/wp-json\/wp\/v2\/categories?post=18241"},{"taxonomy":"post_tag","embeddable":true,"href":"https:\/\/rdnews.al\/index.php\/wp-json\/wp\/v2\/tags?post=18241"}],"curies":[{"name":"wp","href":"https:\/\/api.w.org\/{rel}","templated":true}]}}