{"id":18375,"date":"2022-07-21T10:03:48","date_gmt":"2022-07-21T10:03:48","guid":{"rendered":"https:\/\/rdnews.al\/?p=18375"},"modified":"2022-07-21T10:03:48","modified_gmt":"2022-07-21T10:03:48","slug":"berisha-diskrediton-ramen-ti-shisje-ikona-te-vjedhura-kur-djemte-e-kosoves-derdhnin-gjak","status":"publish","type":"post","link":"https:\/\/rdnews.al\/index.php\/2022\/07\/21\/berisha-diskrediton-ramen-ti-shisje-ikona-te-vjedhura-kur-djemte-e-kosoves-derdhnin-gjak\/","title":{"rendered":"Berisha diskrediton Ram\u00ebn: Ti shisje ikona t\u00eb vjedhura kur djemt\u00eb e Kosov\u00ebs derdhnin gjak"},"content":{"rendered":"<p>Kryetari i PD, Sali Berisha ka k\u00ebrkuar fjal\u00ebn dhe ka z\u00ebn\u00eb foltoren e Kuvendit p\u00ebr t\u2019iu p\u00ebrgjigjur kryeministrit Edi Rama, por kryetarja e Parlamentit Lindita Nikolla i mbyll mikrofonin.<\/p>\n<p>\u201cKur ky hallaci 2 metra i gjat\u00eb shiste ikona t\u00eb vjedhura n\u00eb Paris, Kosova mbulohej me gjak. Kosova mbulohej me gjakun e bijve t\u00eb saj. Kur ky shiste ikona t\u00eb vjedhura n\u00eb Paris, mbahej me ikonat e vjedhura, n\u00eb sarajet e Surrelit ka ikonat e vjedhura. Shkoni pyesni Fatos Nanon. Kur ky dymetroshi \u00ebsht\u00eb si\u00e7 \u00ebsht\u00eb, mund ti them shum\u00eb fjal\u00eb, por nuk dua, I them vet\u00ebm kaq: kur djemt\u00eb e Kosov\u00ebs derdhnin gjak ti shisje ikonat e vjedhura dhe spiunoje emigrant\u00ebt n\u00eb Paris. Po, po. Kur Partia Demokratike shpallte moton \u201cnj\u00eb komb nj\u00eb q\u00ebndrim\u201d dhe mb\u00ebshteste U\u00c7K, ti shisje ikona t\u00eb vjedhura o mjeran. Edhe \u00e7do kuror\u00eb po more, p\u00ebrs\u00ebri mbetesh nj\u00eb hajdut ordiner q\u00eb e nise jet\u00ebn t\u00ebnde duke shitur ikona t\u00eb vjedhura\u201d, ka deklaruar Berisha duke iu drejtuar Ram\u00ebs, i cili hodhi akuza t\u00eb ashpra ndaj tij dhe opozit\u00ebs.<\/p>\n<p>Edi Rama: Je i vetmi hajdut i certifikuar.<\/p>\n<p>Lindita Nikolla: Fjal\u00ebn e ka zoti Mediu.<\/p>\n","protected":false},"excerpt":{"rendered":"<p>Kryetari i PD, Sali Berisha ka k\u00ebrkuar fjal\u00ebn dhe ka z\u00ebn\u00eb foltoren e Kuvendit p\u00ebr t\u2019iu p\u00ebrgjigjur kryeministrit Edi Rama, por kryetarja e Parlamentit Lindita Nikolla i mbyll mikrofonin. \u201cKur ky hallaci 2 metra i gjat\u00eb shiste ikona t\u00eb vjedhura n\u00eb Paris, Kosova mbulohej me gjak. Kosova mbulohej me gjakun e bijve t\u00eb saj. Kur &hellip;<\/p>\n","protected":false},"author":4,"featured_media":18376,"comment_status":"open","ping_status":"open","sticky":false,"template":"","format":"standard","meta":{"footnotes":""},"categories":[37],"tags":[],"class_list":["post-18375","post","type-post","status-publish","format-standard","has-post-thumbnail","","category-politike"],"_links":{"self":[{"href":"https:\/\/rdnews.al\/index.php\/wp-json\/wp\/v2\/posts\/18375","targetHints":{"allow":["GET"]}}],"collection":[{"href":"https:\/\/rdnews.al\/index.php\/wp-json\/wp\/v2\/posts"}],"about":[{"href":"https:\/\/rdnews.al\/index.php\/wp-json\/wp\/v2\/types\/post"}],"author":[{"embeddable":true,"href":"https:\/\/rdnews.al\/index.php\/wp-json\/wp\/v2\/users\/4"}],"replies":[{"embeddable":true,"href":"https:\/\/rdnews.al\/index.php\/wp-json\/wp\/v2\/comments?post=18375"}],"version-history":[{"count":0,"href":"https:\/\/rdnews.al\/index.php\/wp-json\/wp\/v2\/posts\/18375\/revisions"}],"wp:featuredmedia":[{"embeddable":true,"href":"https:\/\/rdnews.al\/index.php\/wp-json\/wp\/v2\/media\/18376"}],"wp:attachment":[{"href":"https:\/\/rdnews.al\/index.php\/wp-json\/wp\/v2\/media?parent=18375"}],"wp:term":[{"taxonomy":"category","embeddable":true,"href":"https:\/\/rdnews.al\/index.php\/wp-json\/wp\/v2\/categories?post=18375"},{"taxonomy":"post_tag","embeddable":true,"href":"https:\/\/rdnews.al\/index.php\/wp-json\/wp\/v2\/tags?post=18375"}],"curies":[{"name":"wp","href":"https:\/\/api.w.org\/{rel}","templated":true}]}}