{"id":18398,"date":"2022-07-21T11:32:51","date_gmt":"2022-07-21T11:32:51","guid":{"rendered":"https:\/\/rdnews.al\/?p=18398"},"modified":"2022-07-21T11:32:51","modified_gmt":"2022-07-21T11:32:51","slug":"berisha-rames-do-ta-paguash-shpifjen-qe-ke-bere-me-soros-ndaj-meje","status":"publish","type":"post","link":"https:\/\/rdnews.al\/index.php\/2022\/07\/21\/berisha-rames-do-ta-paguash-shpifjen-qe-ke-bere-me-soros-ndaj-meje\/","title":{"rendered":"Berisha-Ram\u00ebs: Do ta paguash shpifjen q\u00eb ke b\u00ebr\u00eb me Soros ndaj meje"},"content":{"rendered":"<p>Kryetari demokrat, Sali Berisha, tha n\u00eb Kuvend se Edi Rama \u00ebsht\u00eb shp\u00ebrfytyruar nga protesta e 7 korrikut.<\/p>\n<p>\u201cAspekti tjet\u00ebr \u00ebsht\u00eb 7 korriku. Kurr\u00eb nuk e keni par\u00eb n\u00eb k\u00ebt\u00eb platform\u00eb t\u00eb shp\u00ebrfytyruar si\u00e7 doli k\u00ebsaj here. Q\u00ebndrimi yn\u00eb \u00ebsht\u00eb pa diskutim ai q\u00eb ka qen\u00eb gjithmon\u00eb dhe un\u00eb e kam shprehur dhe do e shpreh jo k\u00ebtu, por n\u00eb OKB, n\u00eb BE, n\u00eb K\u00ebshillin e Europ\u00ebs,\u201d tha Berisha.<\/p>\n<p>LEXO EDHE:<br \/>\n\u2018P\u00ebrdor goj\u00ebn p\u00ebr jasht\u00ebqitje\u2019, Duma-Ram\u00ebs: Mir\u00eb q\u00eb jam grua se po t\u00eb isha burr\u00eb&#8230;<br \/>\nS\u00ebrish kryetarja e Kuvendit e nd\u00ebrpreu fjal\u00ebn e tij, por Berisha vazhdoi. Ai tha se vendimi i DASH ndaj tij \u00ebsht\u00eb bazuar te shpifjet e Edi Ram\u00ebs dhe George Soros.<\/p>\n<p>\u201cDo ta paguash shpifjen q\u00eb ke b\u00ebr\u00eb me Sorosin p\u00ebr mua. Do e paguash p\u00ebr t\u00eb gjith\u00eb shqiptar\u00ebt.<\/p>\n<p>Ti t\u00eb ardhme nuk ke, ti do mbetesh nj\u00eb kryehajdut i Shqip\u00ebris\u00eb, nj\u00eb kryehajdut i Ballkanit dhe kryehajdut i Europ\u00ebs. Kur thot\u00eb populli boll vodhe, ik, ai thot\u00eb ik n\u00eb biruc\u00eb, se aty do t\u00eb shkosh. \u00c7do vjedhje q\u00eb ke b\u00ebr\u00eb, do t\u00eb dal\u00eb p\u00ebr hund\u00ebsh.<\/p>\n<p>Ke vjedhur sa askush n\u00eb asnj\u00eb vend,\u201d tha Berisha.<\/p>\n","protected":false},"excerpt":{"rendered":"<p>Kryetari demokrat, Sali Berisha, tha n\u00eb Kuvend se Edi Rama \u00ebsht\u00eb shp\u00ebrfytyruar nga protesta e 7 korrikut. \u201cAspekti tjet\u00ebr \u00ebsht\u00eb 7 korriku. Kurr\u00eb nuk e keni par\u00eb n\u00eb k\u00ebt\u00eb platform\u00eb t\u00eb shp\u00ebrfytyruar si\u00e7 doli k\u00ebsaj here. Q\u00ebndrimi yn\u00eb \u00ebsht\u00eb pa diskutim ai q\u00eb ka qen\u00eb gjithmon\u00eb dhe un\u00eb e kam shprehur dhe do e shpreh &hellip;<\/p>\n","protected":false},"author":5,"featured_media":18399,"comment_status":"open","ping_status":"open","sticky":false,"template":"","format":"standard","meta":{"footnotes":""},"categories":[37],"tags":[],"class_list":["post-18398","post","type-post","status-publish","format-standard","has-post-thumbnail","","category-politike"],"_links":{"self":[{"href":"https:\/\/rdnews.al\/index.php\/wp-json\/wp\/v2\/posts\/18398","targetHints":{"allow":["GET"]}}],"collection":[{"href":"https:\/\/rdnews.al\/index.php\/wp-json\/wp\/v2\/posts"}],"about":[{"href":"https:\/\/rdnews.al\/index.php\/wp-json\/wp\/v2\/types\/post"}],"author":[{"embeddable":true,"href":"https:\/\/rdnews.al\/index.php\/wp-json\/wp\/v2\/users\/5"}],"replies":[{"embeddable":true,"href":"https:\/\/rdnews.al\/index.php\/wp-json\/wp\/v2\/comments?post=18398"}],"version-history":[{"count":0,"href":"https:\/\/rdnews.al\/index.php\/wp-json\/wp\/v2\/posts\/18398\/revisions"}],"wp:featuredmedia":[{"embeddable":true,"href":"https:\/\/rdnews.al\/index.php\/wp-json\/wp\/v2\/media\/18399"}],"wp:attachment":[{"href":"https:\/\/rdnews.al\/index.php\/wp-json\/wp\/v2\/media?parent=18398"}],"wp:term":[{"taxonomy":"category","embeddable":true,"href":"https:\/\/rdnews.al\/index.php\/wp-json\/wp\/v2\/categories?post=18398"},{"taxonomy":"post_tag","embeddable":true,"href":"https:\/\/rdnews.al\/index.php\/wp-json\/wp\/v2\/tags?post=18398"}],"curies":[{"name":"wp","href":"https:\/\/api.w.org\/{rel}","templated":true}]}}