{"id":18583,"date":"2022-07-23T17:06:21","date_gmt":"2022-07-23T17:06:21","guid":{"rendered":"https:\/\/rdnews.al\/?p=18583"},"modified":"2022-07-23T17:07:06","modified_gmt":"2022-07-23T17:07:06","slug":"disa-fjale-per-sulmin-e-radhes-te-kryeministrit-kunder-artit-dhe-artisteve","status":"publish","type":"post","link":"https:\/\/rdnews.al\/index.php\/2022\/07\/23\/disa-fjale-per-sulmin-e-radhes-te-kryeministrit-kunder-artit-dhe-artisteve\/","title":{"rendered":"Disa fjal\u00eb p\u00ebr sulmin e radh\u00ebs t\u00eb kryeministrit kund\u00ebr artit dhe artist\u00ebve"},"content":{"rendered":"<p><strong>Nga Neritan LI\u00c7AJ<\/strong><\/p>\n<p>Do t\u00eb doja t\u00eb shkruaja, disa fjal\u00eb p\u00ebr skandalin dhe sulmin e radh\u00ebs t\u00eb kryeministrit dhe qeveris\u00eb kund\u00ebr artit dhe artist\u00ebve.<\/p>\n<p>S\u00eb pari theksoj, q\u00eb m\u00eb vjen shum\u00eb mir\u00eb p\u00eb9r miqt\u00eb dhe koleg\u00ebt e Teatrit Komb\u00ebtar t\u00eb Oper\u00ebs dhe Baletit! M\u00eb vjen shum\u00eb mir\u00eb p\u00ebr ju miqt\u00eb e mi, madje mendoj se meritoni edhe m\u00eb shum\u00eb t\u00eb vler\u00ebsohen nga k\u00ebndv\u00ebshtrimi financiar dhe njerzor. Jeni artist\u00eb t\u00eb mrekulluesh\u00ebm dhe njer\u00ebz t\u00eb mrekulluesh\u00ebm. Nj\u00eb pjes\u00eb t\u00eb madhe prej jush e njoh q\u00eb nga vitet 80, n\u00eb Lice, m\u00eb pas n\u00eb t\u00eb famshmin I.L.A. m\u00eb pas Akadenia e Arteve, pra lidhja jon\u00eb \u00ebsht\u00eb profesionale dhe miq\u00ebsore.Urime nga zemra, e meritoni n\u00eb gjithcka.<\/p>\n<p>Por reagimi i Aktor\u00ebve t\u00eb Teatrit Komb\u00ebtar dhe besoj e t\u00eb gjith\u00eb artisteve dhe punonj\u00ebsve t\u00eb artit, q\u00eb kan\u00eb t\u00eb nj\u00ebjtin status si ju, Komb\u00ebtar, nuk \u00ebsht\u00eb nga zilia p\u00ebr ju, si\u00e7 p\u00ebrpiqen ta pasqyrojn\u00eb medjat nl sh\u00ebrbim t\u00eb qeveris\u00eb. Aspak! Ju garantoj p\u00ebr k\u00ebt\u00eb.Reagimi m\u00ebse i ligjsh\u00ebm i yni,\u00ebsht\u00eb p\u00ebr diskriminimin dhe diferencimin q\u00eb b\u00ebhet mes nesh.Shum\u00eb perverse dhe e pa precedent\u00eb.Nj\u00eb qeveri e till\u00eb kurr\u00eb mos i ardht\u00eb m\u00eb Shqip\u00ebris\u00eb,se tashm\u00eb jan\u00eb t\u00eb ikur \u00ebsht\u00eb vet\u00ebm \u00e7\u00ebshtje kohe.<\/p>\n<p>Shqiptare dhe shqiptar, v\u00ebllez\u00ebr e motra t\u00eb nj\u00eb gjaku! N\u00eb vendet demokratike,kushtetuta \u00ebsht\u00eb e nd\u00ebrtuar mbi baz\u00ebn e t\u00eb drejtave t\u00eb njeriut.Dhe nj\u00eb nga t\u00eb drejtat e njeriut, \u00ebsht\u00eb t\u00eb mos jet\u00eb i diskriminuar n\u00eb vendin e tij,dhe jo vet\u00ebm n\u00eb vendin e tij,por kudo. Fakt \u00ebsjt\u00eb q\u00eb ne diskriminohemi n\u00eb vendin ton\u00eb, nga qeveria hon\u00eb,si pjesa d\u00ebrrmuese e popullit shqiptar. Qeveria dhe ve\u00e7an\u00ebrisht kryeminstri i vendit, b\u00ebn nj\u00eb shkelje t\u00eb r\u00ebnd\u00eb t\u00eb t\u00eb drejtave t\u00eb njeriut, veprim p\u00ebr t\u00eb cilin do marr\u00eb p\u00ebrgjigjen e merituar dhe nuk kan\u00eb par\u00eb asgj\u00eb akoma.P\u00ebr k\u00ebt\u00eb t\u00eb jen\u00eb t\u00eb sigurt.<\/p>\n<p>Ne jemi artist\u00ebt e Shqip\u00ebris\u00eb dhe si \u00e7do komunitet, klas\u00eb shoq\u00ebrore, shtres\u00eb e shoq\u00ebris\u00eb, grupim ose dhe individ, jemi goditur n\u00eb m\u00ebnyr\u00eb t\u00eb pa precedent, nga maxhoranca e majt\u00eb dhe rilindja antishqiptare q\u00eb qeveris\u00eb k\u00ebt\u00eb vend. Ne artist\u00ebt e Teatrit Komb\u00ebtar, u sulmuam politikisht nga qeveria dhe shumica e majt\u00eb, u sulmuan forc\u00ebrisht dy her\u00eb nga forca t\u00eb shumta policie(rasti m\u00eb skandaloz dhe i paprecedent,n\u00eb historin\u00eb e Evrop\u00ebs t\u00eb pakt\u00ebn), si t\u00eb ishim bandit e kriminel\u00eb, tani dhe po diskriminohem me k\u00ebt\u00eb sulm t\u00eb tret\u00eb tashm\u00eb njerzor q\u00eb shkel t\u00eb drejtat tona njer\u00ebzore,di jitetin ton\u00eb.<\/p>\n<p>A nuk jan\u00eb ca si shum\u00eb madje dhe shum\u00eb t\u00eb r\u00ebnda k\u00ebto sulme?!<\/p>\n<p>\u00cbsht\u00eb e v\u00ebrtet dhe nuk mund ta mohojm\u00eb q\u00eb komuniteti yn\u00eb doli shum\u00eb i dob\u00ebt n\u00eb dy betejat e para.E kush nuk do t\u00eb d\u00ebmtohej me sulme t\u00eb tilla! Por pavar\u00ebsisht nga e gjitha kjo&#8230;ne meritojm\u00eb m\u00eb shum\u00eb si komunitet dhe gjet\u00ebm forca t\u00eb bashkohemi p\u00ebr t\u00eb th\u00ebn\u00eb stop,k\u00ebshtu nuk vazhdohet m\u00eb,kjo e gjitha duhet t\u00eb marr\u00eb fund.<\/p>\n<p>Ne jemi artist\u00ebt tuaj o shqiptar\u00eb t\u00eb mir\u00eb, nuk jemi perfekt, nuk pretendojm\u00eb t\u00eb jeni t\u00eb till\u00eb,por meritojm\u00eb t\u00eb mb\u00ebshtetemi nga t\u00eb gjith\u00eb ju, sepse n\u00eb fund t\u00eb fundit, jemi bijt\u00eb tuaj.<\/p>\n<p>Dilni krah\u00eb artist\u00ebve kund\u00ebr k\u00ebsaj qeverie kriminale antishqiptari, antiarti, antigjith\u00e7ka.<\/p>\n<p>Ju p\u00ebrqafoj dhe ju p\u00ebrulem me rrespekt&#8230; kam qen\u00eb jam dhe do t\u00eb jem i bindur gjithmon\u00eb se arti dhe artist\u00ebt n\u00eb fund do triumfojn\u00eb&#8230; arti fiton gjithmon\u00eb, ashtu si e mira mbi t\u00eb keqen, drita mbi err\u00ebsir\u00ebn.<\/p>\n","protected":false},"excerpt":{"rendered":"<p>Nga Neritan LI\u00c7AJ Do t\u00eb doja t\u00eb shkruaja, disa fjal\u00eb p\u00ebr skandalin dhe sulmin e radh\u00ebs t\u00eb kryeministrit dhe qeveris\u00eb kund\u00ebr artit dhe artist\u00ebve. S\u00eb pari theksoj, q\u00eb m\u00eb vjen shum\u00eb mir\u00eb p\u00eb9r miqt\u00eb dhe koleg\u00ebt e Teatrit Komb\u00ebtar t\u00eb Oper\u00ebs dhe Baletit! M\u00eb vjen shum\u00eb mir\u00eb p\u00ebr ju miqt\u00eb e mi, madje mendoj se &hellip;<\/p>\n","protected":false},"author":4,"featured_media":18584,"comment_status":"open","ping_status":"open","sticky":false,"template":"","format":"standard","meta":{"footnotes":""},"categories":[42],"tags":[],"class_list":["post-18583","post","type-post","status-publish","format-standard","has-post-thumbnail","","category-kulture"],"_links":{"self":[{"href":"https:\/\/rdnews.al\/index.php\/wp-json\/wp\/v2\/posts\/18583","targetHints":{"allow":["GET"]}}],"collection":[{"href":"https:\/\/rdnews.al\/index.php\/wp-json\/wp\/v2\/posts"}],"about":[{"href":"https:\/\/rdnews.al\/index.php\/wp-json\/wp\/v2\/types\/post"}],"author":[{"embeddable":true,"href":"https:\/\/rdnews.al\/index.php\/wp-json\/wp\/v2\/users\/4"}],"replies":[{"embeddable":true,"href":"https:\/\/rdnews.al\/index.php\/wp-json\/wp\/v2\/comments?post=18583"}],"version-history":[{"count":0,"href":"https:\/\/rdnews.al\/index.php\/wp-json\/wp\/v2\/posts\/18583\/revisions"}],"wp:featuredmedia":[{"embeddable":true,"href":"https:\/\/rdnews.al\/index.php\/wp-json\/wp\/v2\/media\/18584"}],"wp:attachment":[{"href":"https:\/\/rdnews.al\/index.php\/wp-json\/wp\/v2\/media?parent=18583"}],"wp:term":[{"taxonomy":"category","embeddable":true,"href":"https:\/\/rdnews.al\/index.php\/wp-json\/wp\/v2\/categories?post=18583"},{"taxonomy":"post_tag","embeddable":true,"href":"https:\/\/rdnews.al\/index.php\/wp-json\/wp\/v2\/tags?post=18583"}],"curies":[{"name":"wp","href":"https:\/\/api.w.org\/{rel}","templated":true}]}}