{"id":18615,"date":"2022-07-25T07:54:49","date_gmt":"2022-07-25T07:54:49","guid":{"rendered":"https:\/\/rdnews.al\/?p=18615"},"modified":"2022-07-25T07:54:49","modified_gmt":"2022-07-25T07:54:49","slug":"heretiku-berisha-dhe-heretike-te-tjere-nuk-duhet-ta-mbrojne-kosoven","status":"publish","type":"post","link":"https:\/\/rdnews.al\/index.php\/2022\/07\/25\/heretiku-berisha-dhe-heretike-te-tjere-nuk-duhet-ta-mbrojne-kosoven\/","title":{"rendered":"&#8220;Heretiku&#8221; Berisha dhe &#8220;heretik\u00eb&#8221; t\u00eb tjer\u00eb nuk duhet ta mbrojn\u00eb Kosov\u00ebn&#8221;!"},"content":{"rendered":"<p><strong>Enver Byty\u00e7i<\/strong><\/p>\n<p>Mbret\u00ebria e Bashkuar u solidarizua me aleatin e saj strategjik, Shtetet e Bashkuara t\u00eb Amerik\u00ebs dhe e shpalli non-grata Sali Berishen. Vendimi, pas 7 korrikut dhe kur sondazhet zbuluan faktin q\u00eb Sali Berish\u00ebn e mb\u00ebshtesin 600 mij\u00eb shqiptar\u00eb. Kjo do t\u00eb thot\u00eb se ata nuk d\u00ebshirojn\u00eb rikthimin e Berish\u00ebs n\u00eb pushtet! D.m.th se duan Edi Ram\u00ebn k\u00ebshtu si \u00ebsht\u00eb, trafikant, arrogant, kleptokrat, p\u00ebr\u00e7ar\u00ebs, t\u00eb pabes\u00eb me shqiptar\u00ebt e servil i t\u00eb huajve, pervers i pa limit n\u00eb sjellje e fjalor, anti-shqiptar e pro-serb!<\/p>\n<p>Ndryshe nuk ka sesi t\u00eb sanksionohet nj\u00eb ish kryeminist\u00ebr i larguar prej gati dhjet\u00eb vitesh nga pushteti. T\u00eb duket absurd fakti pse shpallet non-grata Sali Berisha dhe jo Edi Rama, kur dihet se Rama mban lidhje me organizatat kriminale dhe eshte thellesisht i korruptuar, gj\u00eb q\u00eb e thon\u00eb p\u00ebrdit\u00eb raportet nd\u00ebrkomb\u00ebtare.<\/p>\n<p>Edhe nj\u00eb raport i fundit e rendit Shqiperin\u00eb n\u00eb dhjet\u00eb vendet me pak\u00ebsimin m\u00eb t\u00eb madh t\u00eb popullsis\u00eb n\u00eb bot\u00eb. Prej kujt ikin qytetaret shqiptare? Prej satanait Edi Rama! Nd\u00ebrkaq SHBA dhe Britania e Madhe po na e paraqesin si \u201esatana\u201c Sali Berishen!<\/p>\n<p>Por njer\u00ebzit me logjik\u00eb b\u00ebjn\u00eb nj\u00eb analiz\u00eb racionale: \u00c7far\u00eb m\u00eb thot\u00eb mua analiza?<\/p>\n<p>S\u00eb pari, ta kesh mir\u00eb me aleat\u00ebt sot, qofshin k\u00ebta dhe per\u00ebndimor\u00eb, nuk duhet t\u00eb jesh patriot. \u00cbsht\u00eb e ndaluar p\u00ebr vendet e vogla, sidomos p\u00ebr ne shqiptar\u00ebt t\u00eb prodhojm\u00eb patriot\u00eb! Kjo errezikshme n\u00eb vatr\u00ebn e konfliktit ballkanik. SHBA-t\u00eb, Britania e Madhe e ndoshta edhe ndonj\u00eb tjet\u00ebr, e kan\u00eb m\u00eb t\u00eb leht\u00eb t\u00eb detyrojn\u00eb shqiptar\u00ebt t\u00eb shesin atdheun, sesa serb\u00ebt t\u00eb pranojn\u00eb realitetet ballkanike t\u00eb krijuara pas 10 qershorit 1999. \u00cbsht\u00eb sikur kur godet nj\u00eb gozhd\u00eb n\u00eb beton e nuk e \u00e7on \u00e7eki\u00e7i. Nd\u00ebrkomb\u00ebtar\u00ebt duan si gjithnj\u00eb t\u00eb p\u00ebrdorin shqiptar\u00ebt p\u00ebr t\u00eb regulluar ekuilibrat ballkank\u00eb, sepse gozhda n\u00eb kok\u00ebn e trupin e serb\u00ebve nuk ecen. Beogradi \u00ebsht\u00eb aq kok\u00ebfort\u00eb! Dhe kjo ndodh se politikan\u00ebt serb\u00eb jane t\u00eb gjith\u00eb bashk\u00eb kund\u00ebr Kosov\u00ebs dhe shqiptar\u00ebve! Nd\u00ebrkaq politikan\u00ebt shqiptar\u00eb jan\u00eb t\u00eb p\u00ebr\u00e7ar\u00eb! Edi Rama u thot\u00eb &#8220;Un\u00eb b\u00ebj \u00e7far\u00eb t\u00eb doni, por kam frik\u00eb nga Berisha&#8221;! Dhe SHBA e MB o burra ta izolojn\u00eb Doktorin!<\/p>\n<p>S\u00eb dyti, nd\u00ebrkomb\u00ebtar\u00ebt mb\u00ebshtesin politikan\u00eb t\u00eb formatit t\u00eb Ram\u00ebs, sepse k\u00ebta n\u00eb k\u00ebmbim t\u00eb mbajtjes s\u00eb pushtetit bashk\u00ebpunojn\u00eb deri te opsionet e cenimit t\u00eb sovranitetit e integritetit t\u00eb territorit shtet\u00ebror e komb\u00ebtar. Mjafton q\u00eb kjo t\u00eb jet\u00eb interes i nd\u00ebrkomb\u00ebtar\u00ebve. Kjo \u00ebsht\u00eb arsyeja pse edhe Albin Kurti dhe Vjosa Osmani nuk kan\u00eb marr\u00ebdh\u00ebnie aq t\u00eb ngushta me administrat\u00ebn amerikane e me at\u00eb britanike. Sepse ata e duan lirin\u00eb dhe atdheun &#8220;m\u00eb shum\u00eb se duhet, jan\u00eb nj\u00eb lloj betoni i pa\u00ebrshkuesh\u00ebm&#8221;! Nd\u00ebrsa Sali Berisha \u00ebsht\u00eb simbolika e k\u00ebsaj kategorie t\u00eb politikan\u00ebve patriot\u00eb shqiptar\u00eb. N\u00ebse bie Berisha, at\u00ebher\u00eb do t\u00eb bien nj\u00eb nga nj\u00eb t\u00eb gjitha kullat e tjera t\u00eb q\u00ebndres\u00ebs!<\/p>\n<p>S\u00eb treti, un\u00eb i besoj faktit se n\u00eb vendimmarrje ka ndikim Sorosi dhe organizata t\u00eb tjera liberale e globaliste. K\u00ebta nuk e duan sovranitetin shtet\u00ebror, sepse kjo i pengon n\u00eb realizimin e interesave p\u00ebr ta sunduar bot\u00ebn n\u00eb m\u00ebnyr\u00ebn se si duan ata! Prandaj duhen ne pushtet tradhtaret, jo aleatet e partneret. Po ju jap nj\u00eb shembull: Amerikan\u00ebt i k\u00ebrkuan Berish\u00ebs t\u00eb pranoj\u00eb ujgur\u00ebt e Guantemal\u00ebs dhe ai mori disa, m\u00eb duket se kat\u00ebr prej tyre. Por aty ishin dhjet\u00ebra ujgur\u00eb. Berisha nuk i pranoi t\u00eb gjith\u00eb, sepse n\u00eb k\u00ebt\u00eb rast Shqip\u00ebria do b\u00ebhej tabel\u00eb qitje e terrorizmit. Pranoi kat\u00ebr p\u00ebr solidaritet me SHBA-t\u00eb, n\u00eb shenj\u00eb miq\u00ebsie.<\/p>\n<p>Po ashtu pranoi 200 muxhahidin\u00eb t\u00eb opozit\u00ebs iraniane. Por nuk i pranoi t\u00eb gjith\u00eb. Gjithsej ishin 3000. M\u00eb pas Edi Rama i mori edhe ata 2800 t\u00eb tjer\u00ebt. Berisha mori 200 n\u00eb shenj\u00eb respekti p\u00ebr Amerik\u00ebn, p\u00ebr t\u2019i th\u00ebn\u00eb se \u201cPo ne jemi aleat\u00eb\u201d! Por nuk rriskonte interesat e vendit t\u00eb tij. Rama nuk e ka problem as sovranitetin e Shqip\u00ebris\u00eb, as jet\u00ebn e shqiptar\u00ebve! Pse duhet ta ket\u00eb k\u00ebt\u00eb problem dikush tjet\u00ebr, kushdo qoft\u00eb ai, edhe aleat\u00ebt e Shqip\u00ebris\u00eb?!.Per kete arsye sanksionohet Berisha e mbeshtetet Rama! Ky i fundit eshte gati te jape gjithcka ne funksion te pushtetit! Ndaj dhe atdheu eshte ne rrezik! Ky regjim duhet rrezuar nje ore e me pare!<\/p>\n<p>S\u00eb kat\u00ebrti, t\u00eb gjitha k\u00ebto i thoshte analisti britanik, Gabriel Partosh, kur non-grat\u00ebn britanik\u00eb kund\u00ebr Berish\u00ebs e lidh me q\u00ebndrimin e tij ndaj Serbis\u00eb dhe jo me t\u00eb ashtuquajturin korrupsion! Kjo do t\u00eb thot\u00eb se Rama dhe Vu\u00e7iq jan\u00eb t\u00eb gatsh\u00ebm t\u00eb sakrifikojn\u00eb Kosov\u00ebn p\u00ebr &#8220;paqen&#8221; n\u00eb Ballkan! Nd\u00ebrsa &#8220;heretiku&#8221; Berisha dhe heretik\u00eb t\u00eb tjer\u00eb nuk duhet ta mbrojn\u00eb at\u00eb!<\/p>\n","protected":false},"excerpt":{"rendered":"<p>Enver Byty\u00e7i Mbret\u00ebria e Bashkuar u solidarizua me aleatin e saj strategjik, Shtetet e Bashkuara t\u00eb Amerik\u00ebs dhe e shpalli non-grata Sali Berishen. Vendimi, pas 7 korrikut dhe kur sondazhet zbuluan faktin q\u00eb Sali Berish\u00ebn e mb\u00ebshtesin 600 mij\u00eb shqiptar\u00eb. Kjo do t\u00eb thot\u00eb se ata nuk d\u00ebshirojn\u00eb rikthimin e Berish\u00ebs n\u00eb pushtet! D.m.th se &hellip;<\/p>\n","protected":false},"author":4,"featured_media":11242,"comment_status":"open","ping_status":"open","sticky":false,"template":"","format":"standard","meta":{"footnotes":""},"categories":[44],"tags":[],"class_list":["post-18615","post","type-post","status-publish","format-standard","has-post-thumbnail","","category-editorial"],"_links":{"self":[{"href":"https:\/\/rdnews.al\/index.php\/wp-json\/wp\/v2\/posts\/18615","targetHints":{"allow":["GET"]}}],"collection":[{"href":"https:\/\/rdnews.al\/index.php\/wp-json\/wp\/v2\/posts"}],"about":[{"href":"https:\/\/rdnews.al\/index.php\/wp-json\/wp\/v2\/types\/post"}],"author":[{"embeddable":true,"href":"https:\/\/rdnews.al\/index.php\/wp-json\/wp\/v2\/users\/4"}],"replies":[{"embeddable":true,"href":"https:\/\/rdnews.al\/index.php\/wp-json\/wp\/v2\/comments?post=18615"}],"version-history":[{"count":0,"href":"https:\/\/rdnews.al\/index.php\/wp-json\/wp\/v2\/posts\/18615\/revisions"}],"wp:featuredmedia":[{"embeddable":true,"href":"https:\/\/rdnews.al\/index.php\/wp-json\/wp\/v2\/media\/11242"}],"wp:attachment":[{"href":"https:\/\/rdnews.al\/index.php\/wp-json\/wp\/v2\/media?parent=18615"}],"wp:term":[{"taxonomy":"category","embeddable":true,"href":"https:\/\/rdnews.al\/index.php\/wp-json\/wp\/v2\/categories?post=18615"},{"taxonomy":"post_tag","embeddable":true,"href":"https:\/\/rdnews.al\/index.php\/wp-json\/wp\/v2\/tags?post=18615"}],"curies":[{"name":"wp","href":"https:\/\/api.w.org\/{rel}","templated":true}]}}