{"id":18823,"date":"2022-07-26T12:38:30","date_gmt":"2022-07-26T12:38:30","guid":{"rendered":"https:\/\/rdnews.al\/?p=18823"},"modified":"2022-07-26T12:38:30","modified_gmt":"2022-07-26T12:38:30","slug":"meta-rames-hiq-urgjentisht-nga-doganat-banden-e-patronazhisteve","status":"publish","type":"post","link":"https:\/\/rdnews.al\/index.php\/2022\/07\/26\/meta-rames-hiq-urgjentisht-nga-doganat-banden-e-patronazhisteve\/","title":{"rendered":"Meta-Ram\u00ebs: Hiq urgjentisht nga doganat band\u00ebn e patronazhist\u00ebve"},"content":{"rendered":"<p>Ish-presidenti Ilir Meta ka dal\u00eb n\u00eb konferenc\u00ebn e par\u00eb t\u00eb Partis\u00eb s\u00eb Liris\u00eb, nj\u00eb dit\u00eb pasi L\u00ebvizja Socialiste p\u00ebr Integrim ndryshoi emrin. Meta ka b\u00ebr\u00eb nj\u00eb thirrje ndaj kryeministrit Edi Rama duke i k\u00ebrkuar q\u00eb t\u00eb shkarkonte nga doganat shqiptare at\u00eb q\u00eb ai e konsideroi si \u201cbanda e patronazhist\u00ebve\u201d.  Ish-presidenti tha se me an\u00eb t\u00eb shp\u00ebrdorimit t\u00eb detyr\u00ebs dhe t\u00eb pun\u00ebsimit nepotik n\u00eb dogana, t\u00eb ardhurat e vendit ishin shum\u00eb m\u00eb t\u00eb ul\u00ebta n\u00eb krahasim me vendet e tjera t\u00eb rajonit t\u00eb Ballkanit Per\u00ebndimor.<\/p>\n<p>\u201cQytetar\u00ebt shqiptar\u00eb ishin ata q\u00eb u mb\u00ebshtet\u00ebn m\u00eb pak nga qeveria gjat\u00eb krizave t\u00eb kaluara, si gjat\u00eb pandemis\u00eb ashtu edhe gjat\u00eb kriz\u00ebs s\u00eb rritjes s\u00eb cmimeve. Ajo q\u00eb \u00ebsht\u00eb edhe m\u00eb e qart\u00eb dhe e papranueshme \u00ebsht\u00eb se qeveria vijon t\u00eb paguaj\u00eb dhjet\u00ebra miliona euro p\u00ebr afer\u00ebn e incenerator\u00ebve. Vazhdon t\u00eb marr\u00eb borxhe p\u00ebr t\u00eb mb\u00ebshtetur oligark\u00ebt me t\u00eb cil\u00ebt \u00ebsht\u00eb e lidhur. Kjo situat\u00eb provohet edhe nga skandalet m\u00eb t\u00eb fundit si\u00e7 jan\u00eb edhe doganat shqiptare. Drejtimi i doganave nga kontrabandist\u00eb, nepotizimi p\u00ebr vendet e pun\u00ebs, tregon qart\u00eb se \u00e7do sektor i qeverisjes \u00ebsht\u00eb kthyer n\u00eb sektor abuzimi. Prandaj dua t\u2019i b\u00ebj thirrje Ram\u00ebs t\u00eb heq\u00eb urgjentisht nga doganat gjith\u00eb band\u00ebn e patronazhist\u00ebve. Situata n\u00eb dogana \u00ebsht\u00eb edhe m\u00eb e r\u00ebnd\u00eb. T\u00eb ardhurat jan\u00eb m\u00eb pak se n\u00eb \u00e7do vend tjet\u00ebr n\u00eb Ballkanin Per\u00ebndimor. Jan\u00eb 20% m\u00eb pak se n\u00eb Maqedonin\u00eb e Veriut. Kjo qeveri ua b\u00ebn qytetar\u00ebve edhe m\u00eb t\u00eb pashpres\u00eb t\u00eb ardhmen n\u00eb k\u00ebt\u00eb vend.\u201d, tha Meta. <\/p>\n<p>Tani si kryetar i nj\u00eb partie opozitare, Meta ngriti shqet\u00ebsimin p\u00ebr situat\u00ebn ekonomike n\u00eb vend, duke sjell\u00eb n\u00eb v\u00ebmendje raportet.<\/p>\n","protected":false},"excerpt":{"rendered":"<p>Ish-presidenti Ilir Meta ka dal\u00eb n\u00eb konferenc\u00ebn e par\u00eb t\u00eb Partis\u00eb s\u00eb Liris\u00eb, nj\u00eb dit\u00eb pasi L\u00ebvizja Socialiste p\u00ebr Integrim ndryshoi emrin. Meta ka b\u00ebr\u00eb nj\u00eb thirrje ndaj kryeministrit Edi Rama duke i k\u00ebrkuar q\u00eb t\u00eb shkarkonte nga doganat shqiptare at\u00eb q\u00eb ai e konsideroi si \u201cbanda e patronazhist\u00ebve\u201d. Ish-presidenti tha se me an\u00eb t\u00eb &hellip;<\/p>\n","protected":false},"author":5,"featured_media":0,"comment_status":"open","ping_status":"open","sticky":false,"template":"","format":"standard","meta":{"footnotes":""},"categories":[37],"tags":[],"class_list":["post-18823","post","type-post","status-publish","format-standard","","category-politike"],"_links":{"self":[{"href":"https:\/\/rdnews.al\/index.php\/wp-json\/wp\/v2\/posts\/18823","targetHints":{"allow":["GET"]}}],"collection":[{"href":"https:\/\/rdnews.al\/index.php\/wp-json\/wp\/v2\/posts"}],"about":[{"href":"https:\/\/rdnews.al\/index.php\/wp-json\/wp\/v2\/types\/post"}],"author":[{"embeddable":true,"href":"https:\/\/rdnews.al\/index.php\/wp-json\/wp\/v2\/users\/5"}],"replies":[{"embeddable":true,"href":"https:\/\/rdnews.al\/index.php\/wp-json\/wp\/v2\/comments?post=18823"}],"version-history":[{"count":0,"href":"https:\/\/rdnews.al\/index.php\/wp-json\/wp\/v2\/posts\/18823\/revisions"}],"wp:attachment":[{"href":"https:\/\/rdnews.al\/index.php\/wp-json\/wp\/v2\/media?parent=18823"}],"wp:term":[{"taxonomy":"category","embeddable":true,"href":"https:\/\/rdnews.al\/index.php\/wp-json\/wp\/v2\/categories?post=18823"},{"taxonomy":"post_tag","embeddable":true,"href":"https:\/\/rdnews.al\/index.php\/wp-json\/wp\/v2\/tags?post=18823"}],"curies":[{"name":"wp","href":"https:\/\/api.w.org\/{rel}","templated":true}]}}