{"id":18946,"date":"2022-07-27T11:09:43","date_gmt":"2022-07-27T11:09:43","guid":{"rendered":"https:\/\/rdnews.al\/?p=18946"},"modified":"2022-07-27T11:09:49","modified_gmt":"2022-07-27T11:09:49","slug":"vokshi-mesuesit-keqtrajtohen-pasi-nuk-bejne-rolin-e-patronazhistit","status":"publish","type":"post","link":"https:\/\/rdnews.al\/index.php\/2022\/07\/27\/vokshi-mesuesit-keqtrajtohen-pasi-nuk-bejne-rolin-e-patronazhistit\/","title":{"rendered":"Vokshi: M\u00ebsuesit keqtrajtohen pasi nuk b\u00ebjn\u00eb rolin e patronazhistit"},"content":{"rendered":"<p>Deputetja e Partis\u00eb Demokratike, Albana Vokshi \u00ebsht\u00eb paraqitur dit\u00ebn e sotme n\u00eb gjykat\u00ebn e Tiran\u00ebs p\u00ebr seanc\u00ebn kund\u00ebr ministres s\u00eb Arsimit Evis Kushi. Vokshi b\u00ebri t\u00eb ditur p\u00ebr mediat se gjyqi nuk \u00ebsht\u00eb zhvilluar dot p\u00ebr shkak t\u00eb ngarkes\u00ebs s\u00eb madhe q\u00eb kishte gjykata pas grev\u00ebs s\u00eb avokat\u00ebve. Nd\u00ebr t\u00eb tjera ajo tha se gjyqi \u00ebsht\u00eb shtyr\u00eb p\u00ebr n\u00eb muajin shtator.<\/p>\n<p><em>\u201cSot gjyqi nuk mundi t\u00eb zhvillohej, p\u00ebr shkak t\u00eb ngarkes\u00ebs q\u00eb ka kjo gjykat\u00eb pas grev\u00ebs s\u00eb avokat\u00ebve. \u00cbsht\u00eb shtyr\u00eb p\u00ebr n\u00eb shtator, dhe un\u00eb do paraqitem personalisht sepse pavar\u00ebsisht p\u00ebrpjekjeve t\u00eb Ram\u00ebs p\u00ebr t\u00eb na mbyllur goj\u00ebn ne do jemi z\u00ebri i m\u00ebsuesve, z\u00ebri i prind\u00ebrve dhe i nx\u00ebn\u00ebsve. Arsimi sot \u00ebsht\u00eb degraduar. Vet\u00ebm nj\u00eb kryeminist\u00ebr si Rama mund ta \u00e7onte arsimin n\u00eb k\u00ebt\u00eb pik\u00eb. Ai po v\u00ebrteton \u00e7do dit\u00eb se \u00ebsht\u00eb armik i dijes. Kurr\u00eb m\u00ebsuesit nuk jan\u00eb k\u00ebrc\u00ebnuar dhe keqtrajtuar n\u00ebse nuk b\u00ebjn\u00eb rolin e patronazhistit. Sot arsimi \u00ebsht\u00eb kthyer n\u00eb <\/em><em>nj\u00eb celul\u00eb t\u00eb patronazhist\u00ebve\u201d, u<\/em>\u00a0shpreh Vokshi.<\/p>\n","protected":false},"excerpt":{"rendered":"<p>Deputetja e Partis\u00eb Demokratike, Albana Vokshi \u00ebsht\u00eb paraqitur dit\u00ebn e sotme n\u00eb gjykat\u00ebn e Tiran\u00ebs p\u00ebr seanc\u00ebn kund\u00ebr ministres s\u00eb Arsimit Evis Kushi. Vokshi b\u00ebri t\u00eb ditur p\u00ebr mediat se gjyqi nuk \u00ebsht\u00eb zhvilluar dot p\u00ebr shkak t\u00eb ngarkes\u00ebs s\u00eb madhe q\u00eb kishte gjykata pas grev\u00ebs s\u00eb avokat\u00ebve. Nd\u00ebr t\u00eb tjera ajo tha se gjyqi &hellip;<\/p>\n","protected":false},"author":4,"featured_media":0,"comment_status":"open","ping_status":"open","sticky":false,"template":"","format":"standard","meta":{"footnotes":""},"categories":[40],"tags":[],"class_list":["post-18946","post","type-post","status-publish","format-standard","","category-aktualitet"],"_links":{"self":[{"href":"https:\/\/rdnews.al\/index.php\/wp-json\/wp\/v2\/posts\/18946","targetHints":{"allow":["GET"]}}],"collection":[{"href":"https:\/\/rdnews.al\/index.php\/wp-json\/wp\/v2\/posts"}],"about":[{"href":"https:\/\/rdnews.al\/index.php\/wp-json\/wp\/v2\/types\/post"}],"author":[{"embeddable":true,"href":"https:\/\/rdnews.al\/index.php\/wp-json\/wp\/v2\/users\/4"}],"replies":[{"embeddable":true,"href":"https:\/\/rdnews.al\/index.php\/wp-json\/wp\/v2\/comments?post=18946"}],"version-history":[{"count":0,"href":"https:\/\/rdnews.al\/index.php\/wp-json\/wp\/v2\/posts\/18946\/revisions"}],"wp:attachment":[{"href":"https:\/\/rdnews.al\/index.php\/wp-json\/wp\/v2\/media?parent=18946"}],"wp:term":[{"taxonomy":"category","embeddable":true,"href":"https:\/\/rdnews.al\/index.php\/wp-json\/wp\/v2\/categories?post=18946"},{"taxonomy":"post_tag","embeddable":true,"href":"https:\/\/rdnews.al\/index.php\/wp-json\/wp\/v2\/tags?post=18946"}],"curies":[{"name":"wp","href":"https:\/\/api.w.org\/{rel}","templated":true}]}}