{"id":18949,"date":"2022-07-27T11:15:23","date_gmt":"2022-07-27T11:15:23","guid":{"rendered":"https:\/\/rdnews.al\/?p=18949"},"modified":"2022-07-27T11:17:26","modified_gmt":"2022-07-27T11:17:26","slug":"boris-johnson-emer-i-mundshem-per-skretar-i-nato-s","status":"publish","type":"post","link":"https:\/\/rdnews.al\/index.php\/2022\/07\/27\/boris-johnson-emer-i-mundshem-per-skretar-i-nato-s\/","title":{"rendered":"Boris Johnson, em\u00ebr i mundsh\u00ebm p\u00ebr Skretar i NATO-s"},"content":{"rendered":"<p>Ish-kryeministri i Britanis\u00eb s\u00eb Madhe, Boris Johnson po p\u00ebrmendet si em\u00ebr p\u00ebr t\u00eb qen\u00eb potencialisht sekretar i NATO-s.<\/p>\n<p>Si\u00e7 raporton\u00a0<a href=\"https:\/\/www.telegraph.co.uk\/politics\/2022\/07\/26\/boris-johnson-tipped-become-next-secretary-general-nato\/\" target=\"_blank\" rel=\"noopener\">telegrafi britanik<\/a>, Johnson e ka mb\u00ebshtetjen e konservator\u00ebve t\u00eb lart\u00eb. Por edhe deputet\u00ebt e Ukrain\u00ebs duan q\u00eb Johnson ta marr postin si sekretar n\u00eb aleanc\u00ebn m\u00eb t\u00eb lart\u00eb ushtarake euroatlantike.<\/p>\n<p>Johnson ishte shum\u00eb i ashp\u00ebr ndaj presidentit rus, Vladimir Putin p\u00ebr shkak t\u00eb pushtimit rus n\u00eb Ukrain\u00eb me \u00e7ka Kremlini e shpalli Johnsonin si \u201cnon grata\u201d.<\/p>\n<p>E p\u00ebr ta marr\u00eb k\u00ebt\u00eb pozit\u00eb, Johnson duhet t\u00eb jap dor\u00ebheqje nga pozita e deputetit britanik.<\/p>\n<p>Q\u00eb t\u00eb jet\u00eb sekretar n\u00eb NATO, duhet q\u00eb t\u00eb gjitha shtetet e aleanc\u00ebs ushtarake ta votojn\u00eb at\u00eb.<\/p>\n<p>Raportohet se Franca \u00ebsht\u00eb m\u00eb skeptike n\u00eb k\u00ebt\u00eb drejtim.<\/p>\n<p>\u201cNjer\u00ebzit ndoshta do t\u00eb grinden p\u00ebr trash\u00ebgimin\u00eb e Boris Johnson p\u00ebr vite me radh\u00eb \u2013 por nj\u00eb gj\u00eb q\u00eb \u00ebsht\u00eb qart\u00ebsisht e padiskutueshme \u00ebsht\u00eb mb\u00ebshtetja e tij absolutisht e vendosur p\u00ebr Ukrain\u00ebn p\u00ebrball\u00eb barbaris\u00eb ruse\u201d, ka th\u00ebn\u00eb Mark Francois, an\u00ebtar i komitetit t\u00eb mbrojtjes.<em>\u00a0<\/em><\/p>\n","protected":false},"excerpt":{"rendered":"<p>Ish-kryeministri i Britanis\u00eb s\u00eb Madhe, Boris Johnson po p\u00ebrmendet si em\u00ebr p\u00ebr t\u00eb qen\u00eb potencialisht sekretar i NATO-s. Si\u00e7 raporton\u00a0telegrafi britanik, Johnson e ka mb\u00ebshtetjen e konservator\u00ebve t\u00eb lart\u00eb. Por edhe deputet\u00ebt e Ukrain\u00ebs duan q\u00eb Johnson ta marr postin si sekretar n\u00eb aleanc\u00ebn m\u00eb t\u00eb lart\u00eb ushtarake euroatlantike. Johnson ishte shum\u00eb i ashp\u00ebr ndaj &hellip;<\/p>\n","protected":false},"author":4,"featured_media":18952,"comment_status":"open","ping_status":"open","sticky":false,"template":"","format":"standard","meta":{"footnotes":""},"categories":[38],"tags":[],"class_list":["post-18949","post","type-post","status-publish","format-standard","has-post-thumbnail","","category-bota"],"_links":{"self":[{"href":"https:\/\/rdnews.al\/index.php\/wp-json\/wp\/v2\/posts\/18949","targetHints":{"allow":["GET"]}}],"collection":[{"href":"https:\/\/rdnews.al\/index.php\/wp-json\/wp\/v2\/posts"}],"about":[{"href":"https:\/\/rdnews.al\/index.php\/wp-json\/wp\/v2\/types\/post"}],"author":[{"embeddable":true,"href":"https:\/\/rdnews.al\/index.php\/wp-json\/wp\/v2\/users\/4"}],"replies":[{"embeddable":true,"href":"https:\/\/rdnews.al\/index.php\/wp-json\/wp\/v2\/comments?post=18949"}],"version-history":[{"count":0,"href":"https:\/\/rdnews.al\/index.php\/wp-json\/wp\/v2\/posts\/18949\/revisions"}],"wp:featuredmedia":[{"embeddable":true,"href":"https:\/\/rdnews.al\/index.php\/wp-json\/wp\/v2\/media\/18952"}],"wp:attachment":[{"href":"https:\/\/rdnews.al\/index.php\/wp-json\/wp\/v2\/media?parent=18949"}],"wp:term":[{"taxonomy":"category","embeddable":true,"href":"https:\/\/rdnews.al\/index.php\/wp-json\/wp\/v2\/categories?post=18949"},{"taxonomy":"post_tag","embeddable":true,"href":"https:\/\/rdnews.al\/index.php\/wp-json\/wp\/v2\/tags?post=18949"}],"curies":[{"name":"wp","href":"https:\/\/api.w.org\/{rel}","templated":true}]}}