{"id":18974,"date":"2022-07-27T13:18:03","date_gmt":"2022-07-27T13:18:03","guid":{"rendered":"https:\/\/rdnews.al\/?p=18974"},"modified":"2022-07-29T09:35:36","modified_gmt":"2022-07-29T09:35:36","slug":"presidenti-i-malit-te-zi-ballkani-i-hapur-synon-ndryshimin-e-kufijve","status":"publish","type":"post","link":"https:\/\/rdnews.al\/index.php\/2022\/07\/27\/presidenti-i-malit-te-zi-ballkani-i-hapur-synon-ndryshimin-e-kufijve\/","title":{"rendered":"Presidenti i Malit t\u00eb Zi: &#8220;Ballkani i Hapur&#8221; synon ndryshimin e kufijve"},"content":{"rendered":"<p>Presidenti i Malit t\u00eb Zi, Milo Gjukanovi\u00e7, tha se kryeministri malazez Dritan Abazovi\u00e7 \u201cdo t\u00eb gjykohet nga votuesit, gjykatat dhe historia\u201d n\u00ebse ai ndjek nj\u00eb politik\u00eb q\u00eb \u00ebsht\u00eb kund\u00ebr interesave t\u00eb Malit t\u00eb Zi.<\/p>\n<p>Gjukanovi\u00e7 ka th\u00ebn\u00eb p\u00ebr portalin Vojvodina Autonomija se Malit t\u00eb Zi i \u00ebsht\u00eb dh\u00ebn\u00eb mund\u00ebsia t\u00eb p\u00ebrparoj\u00eb n\u00eb procesin e negociatave me Bashkimin Evropian dhe shtoi se ky shans \u00ebsht\u00eb edhe nj\u00eb rrug\u00eb drejt an\u00ebtar\u00ebsimit n\u00eb BE.<\/p>\n<p>\u201c\u00cbsht\u00eb logjike q\u00eb Mali i Zi t\u00eb jet\u00eb an\u00ebtari i par\u00eb i ardhsh\u00ebm i BE-s\u00eb, sepse n\u00eb rrjedh\u00ebn aktuale t\u00eb negociatave \u00ebsht\u00eb shum\u00eb m\u00eb p\u00ebrpara se t\u00eb gjitha vendet kandidate. P\u00ebrve\u00e7 k\u00ebsaj, nuk ka dyshime gjeopolitike, sepse ka harmonizuar politik\u00ebn e jashtme dhe t\u00eb siguris\u00eb me BE-n\u00eb p\u00ebr disa vite\u201d, tha Gjukanovi\u00e7.<\/p>\n<p>Ai shtoi se p\u00ebrgjigja n\u00eb pyetjen n\u00ebse Mali i Zi do t\u00eb p\u00ebrfitoj\u00eb nga ky shans varet para s\u00eb gjithash nga performanca e qeveris\u00eb dhe organeve t\u00eb tjera shtet\u00ebrore t\u00eb Malit t\u00eb Zi.<\/p>\n<p>Alternativa e rrug\u00ebs evropiane \u00ebsht\u00eb e njohur<\/p>\n<p>\u201cN\u00eb k\u00ebt\u00eb pun\u00eb, aleati yn\u00eb nuk mund t\u00eb jet\u00eb inferior ndaj iluzioneve se ky shans nuk \u00ebsht\u00eb shum\u00eb i mundsh\u00ebm dhe se BE-ja do t\u00eb ndryshoj\u00eb shpejt mendjen pasi t\u00eb m\u00ebsohet me luft\u00ebn n\u00eb Ukrain\u00eb\u201d, tha Gjukanovi\u00e7.<\/p>\n<p>Ai shtoi se alternativa e rrug\u00ebs evropiane \u00ebsht\u00eb e njohur dhe se kjo n\u00ebnkupton nj\u00eb ngecje edhe m\u00eb t\u00eb thell\u00eb prapa nivelit evropian t\u00eb zhvillimit ekonomik dhe demokratik dhe shqet\u00ebsime t\u00eb shpeshta t\u00eb stabilitetit rajonal.<\/p>\n<p>Gjukanovi\u00e7 tha se kjo \u00ebsht\u00eb arsyeja pse ai ishte kaq kritik ndaj manovr\u00ebs s\u00eb qeveris\u00eb p\u00ebr t\u00eb marr\u00eb me shum\u00eb ngut tem\u00ebn e n\u00ebnshkrimit t\u00eb Marr\u00ebveshjes me Kish\u00ebn Ortodokse Serbe (KPS) n\u00eb drit\u00ebn e prioriteteve t\u00eb dakorduara m\u00eb par\u00eb, t\u00eb cilat kan\u00eb t\u00eb b\u00ebjn\u00eb me dinamik\u00ebn e mir\u00eb n\u00eb rrug\u00ebn evropiane.<\/p>\n<p>Ai tha se si n\u00eb Mal t\u00eb Zi ashtu edhe n\u00eb fqinj\u00ebsi ka shum\u00eb nga ata q\u00eb nuk duan ta shohin Malin e Zi si vend stabil, civil, t\u00eb begat\u00eb dhe an\u00ebtar t\u00eb BE-s\u00eb.<\/p>\n<p>Shum\u00eb gj\u00ebra t\u00eb diskutueshme n\u00eb kontrat\u00ebn me KPS<\/p>\n<p>\u201cMe k\u00ebt\u00eb manov\u00ebr t\u00eb qeveris\u00eb ata mor\u00ebn nj\u00eb dhurat\u00eb nga \u00ebndrrat e tyre historike. Cilido qoft\u00eb motivi p\u00ebr k\u00ebt\u00eb, asnj\u00eb organ shtet\u00ebror apo individ nuk do t\u00eb mund t\u00eb shmang\u00eb p\u00ebrgjegj\u00ebsin\u00eb historike\u201d, tha Gjukanovi\u00e7.<\/p>\n<p>Ai tha se ka shum\u00eb q\u00eb kontestohet n\u00eb kontrat\u00ebn me KPS-n\u00eb, para s\u00eb gjithash p\u00ebr shkak se ajo u miratua shpejt dhe pas shpine t\u00eb publikut, pastaj \u201cfalsifikimet historiografike me t\u00eb cilat q\u00ebndrojn\u00eb KPS, si instrumenti m\u00eb i eg\u00ebr i nacionalizmit serbomadh dhe imperializmi rus n\u00eb Ballkan, po p\u00ebrpiqet t\u00eb ndihmoj\u00eb vjedhjen e historis\u00eb malazeze\u201d.<\/p>\n<p>Ai shtoi se shum\u00eb norma nga ajo kontrat\u00eb jan\u00eb n\u00eb kund\u00ebrshtim me Kushtetut\u00ebn dhe ligjet sistematike t\u00eb Malit t\u00eb Zi.<\/p>\n<p>\u201cDhe m\u00eb lejoni t\u00eb p\u00ebrs\u00ebris: qeveria e Malit t\u00eb Zi po p\u00ebrpiqet t\u00eb legjitimoj\u00eb gjith\u00eb k\u00ebt\u00eb shkat\u00ebrrim t\u00eb Malit t\u00eb Zi\u201d, tha Gjukanovi\u00e7.<\/p>\n<p>Ballkani i Hapur, q\u00ebllimi \u00ebsht\u00eb\u2026.<\/p>\n<p>Ai gjithashtu e vler\u00ebsoi projektin \u201cOpen Balkans\u201d si \u201cshum\u00eb kontrovers\u201d, sepse, sipas tij, \u00ebsht\u00eb nj\u00eb skenar alternativ p\u00ebr t\u00eb ardhmen e Ballkanit Per\u00ebndimor jasht\u00eb BE-s\u00eb. \u201cNe nuk kemi nevoj\u00eb p\u00ebr k\u00ebt\u00eb, ne kemi nevoj\u00eb p\u00ebr an\u00ebtar\u00ebsim n\u00eb BE\u201d, tha ai.<\/p>\n<p>\u201cAta q\u00eb nuk e shohin rajonin ton\u00eb n\u00eb Evrop\u00eb, nuk shohin as demokraci multietnike n\u00eb Ballkan. Atyre u p\u00eblqen ideja e ndryshimeve kufitare, homogjenizimi etnik dhe fetar brenda shteteve t\u00eb zgjeruara. Si zakonisht, \u00e7do gj\u00eb nis tradicionalisht nga pala serbe, k\u00ebsaj here \u201cBota Serbe\u201d. Dhe kjo vazhdon automatikisht me t\u00eb nj\u00ebjtat zullumqar\u00eb t\u00eb shtetit t\u00eb madh\u201d, tha Gjukanovi\u00e7.<\/p>\n<p>Ai vler\u00ebsoi se q\u00ebllimi i autor\u00ebve t\u00eb ides\u00eb s\u00eb Ballkanit t\u00eb Hapur \u00ebsht\u00eb zhdukja e Bosnj\u00ebs, Malit t\u00eb Zi, Kosov\u00ebs dhe Maqedonis\u00eb s\u00eb Veriut dhe shtoi se sigurisht q\u00eb do t\u00eb p\u00ebrfundonte me \u201cluft\u00eb dhe nj\u00ebfar\u00eb gjenocid\u201d.<\/p>\n<p>I pyetur p\u00ebr t\u00eb komentuar deklarat\u00ebn e kryeministrit t\u00eb Malit t\u00eb Zi, Dritan Abazovi\u00e7, i cili pas vizit\u00ebs s\u00eb tij n\u00eb Beograd deklaroi se me at\u00eb \u201cvizit\u00eb historike\u201d arriti t\u00eb \u201crivendos\u201d marr\u00ebdh\u00ebniet mes dy vendeve, Gjukanovi\u00e7 pyeti \u201cn\u00ebse vizit\u00eb, mund t\u00eb rivendos\u00eb marr\u00ebdh\u00ebniet e kontaminuara p\u00ebr gati dy shekuj?\u201d.<\/p>\n<p>Sipas tij, Serbia ka pasur nj\u00eb \u201crol hegjemonik\u201d n\u00eb Ballkanin Per\u00ebndimor p\u00ebr dy shekuj, i cili \u201c\u00ebsht\u00eb i mb\u00ebshtjell\u00eb n\u00eb m\u00ebnyr\u00eb transparente n\u00eb shqet\u00ebsimin e Beogradit zyrtar p\u00ebr k\u00ebrc\u00ebnimin e serb\u00ebve n\u00eb rajon\u201d.<\/p>\n","protected":false},"excerpt":{"rendered":"<p>Presidenti i Malit t\u00eb Zi, Milo Gjukanovi\u00e7, tha se kryeministri malazez Dritan Abazovi\u00e7 \u201cdo t\u00eb gjykohet nga votuesit, gjykatat dhe historia\u201d n\u00ebse ai ndjek nj\u00eb politik\u00eb q\u00eb \u00ebsht\u00eb kund\u00ebr interesave t\u00eb Malit t\u00eb Zi. Gjukanovi\u00e7 ka th\u00ebn\u00eb p\u00ebr portalin Vojvodina Autonomija se Malit t\u00eb Zi i \u00ebsht\u00eb dh\u00ebn\u00eb mund\u00ebsia t\u00eb p\u00ebrparoj\u00eb n\u00eb procesin e negociatave &hellip;<\/p>\n","protected":false},"author":5,"featured_media":18975,"comment_status":"open","ping_status":"open","sticky":false,"template":"","format":"standard","meta":{"footnotes":""},"categories":[38],"tags":[],"class_list":["post-18974","post","type-post","status-publish","format-standard","has-post-thumbnail","","category-bota"],"_links":{"self":[{"href":"https:\/\/rdnews.al\/index.php\/wp-json\/wp\/v2\/posts\/18974","targetHints":{"allow":["GET"]}}],"collection":[{"href":"https:\/\/rdnews.al\/index.php\/wp-json\/wp\/v2\/posts"}],"about":[{"href":"https:\/\/rdnews.al\/index.php\/wp-json\/wp\/v2\/types\/post"}],"author":[{"embeddable":true,"href":"https:\/\/rdnews.al\/index.php\/wp-json\/wp\/v2\/users\/5"}],"replies":[{"embeddable":true,"href":"https:\/\/rdnews.al\/index.php\/wp-json\/wp\/v2\/comments?post=18974"}],"version-history":[{"count":0,"href":"https:\/\/rdnews.al\/index.php\/wp-json\/wp\/v2\/posts\/18974\/revisions"}],"wp:featuredmedia":[{"embeddable":true,"href":"https:\/\/rdnews.al\/index.php\/wp-json\/wp\/v2\/media\/18975"}],"wp:attachment":[{"href":"https:\/\/rdnews.al\/index.php\/wp-json\/wp\/v2\/media?parent=18974"}],"wp:term":[{"taxonomy":"category","embeddable":true,"href":"https:\/\/rdnews.al\/index.php\/wp-json\/wp\/v2\/categories?post=18974"},{"taxonomy":"post_tag","embeddable":true,"href":"https:\/\/rdnews.al\/index.php\/wp-json\/wp\/v2\/tags?post=18974"}],"curies":[{"name":"wp","href":"https:\/\/api.w.org\/{rel}","templated":true}]}}