{"id":19348,"date":"2022-08-01T11:13:09","date_gmt":"2022-08-01T11:13:09","guid":{"rendered":"https:\/\/rdnews.al\/?p=19348"},"modified":"2022-08-01T11:13:09","modified_gmt":"2022-08-01T11:13:09","slug":"rusia-del-ne-krah-te-vucic","status":"publish","type":"post","link":"https:\/\/rdnews.al\/index.php\/2022\/08\/01\/rusia-del-ne-krah-te-vucic\/","title":{"rendered":"Rusia del n\u00eb krah t\u00eb Vu\u00e7i\u00e7"},"content":{"rendered":"<p>Rusia ka reaguar pas tensione t\u00eb krijuara n\u00eb Veri t\u00eb Kosov\u00ebs, mbr\u00ebmjen e 31 korrikut, disa or\u00eb para se t\u00eb niste zbatimi i paralajm\u00ebruar i reciprocitetit, q\u00eb u shty deri n\u00eb shtator pas t\u00eb sht\u00ebnave me arm\u00eb dhe sjelljes s\u00eb dhunshme nga serb\u00ebt. Rusia n\u00eb reagimin e saj deklaron mb\u00ebshtetjen \u201ce plot\u00eb p\u00ebr Serbin\u00eb\u201d duke k\u00ebmb\u00ebngulur se \u201ct\u00eb drejtat e serb\u00ebve duhet t\u00eb respektohen\u201d. N\u00eb nj\u00eb deklarat\u00eb, z\u00ebdh\u00ebn\u00ebsi i Kremlinit, Dmitry Peskov thot\u00eb:<\/p>\n<p>\u201cNe q\u00ebndrojm\u00eb pran\u00eb serb\u00ebve q\u00eb jetojn\u00eb n\u00eb Kosov\u00eb. Ne besojm\u00eb se [k\u00ebrkesat e autoriteteve t\u00eb Kosov\u00ebs] jan\u00eb absolutisht t\u00eb pabaza\u201d, duke iu referuar p\u00ebrpjekjes s\u00eb autoriteteve t\u00eb Kosov\u00ebs p\u00ebr t\u00eb vendosur kufizime ndaj serb\u00ebve q\u00eb hyjn\u00eb n\u00eb territor dhe jetojn\u00eb n\u00eb rajonin verior.<\/p>\n","protected":false},"excerpt":{"rendered":"<p>Rusia ka reaguar pas tensione t\u00eb krijuara n\u00eb Veri t\u00eb Kosov\u00ebs, mbr\u00ebmjen e 31 korrikut, disa or\u00eb para se t\u00eb niste zbatimi i paralajm\u00ebruar i reciprocitetit, q\u00eb u shty deri n\u00eb shtator pas t\u00eb sht\u00ebnave me arm\u00eb dhe sjelljes s\u00eb dhunshme nga serb\u00ebt. Rusia n\u00eb reagimin e saj deklaron mb\u00ebshtetjen \u201ce plot\u00eb p\u00ebr Serbin\u00eb\u201d duke &hellip;<\/p>\n","protected":false},"author":5,"featured_media":19349,"comment_status":"open","ping_status":"open","sticky":false,"template":"","format":"standard","meta":{"footnotes":""},"categories":[38],"tags":[],"class_list":["post-19348","post","type-post","status-publish","format-standard","has-post-thumbnail","","category-bota"],"_links":{"self":[{"href":"https:\/\/rdnews.al\/index.php\/wp-json\/wp\/v2\/posts\/19348","targetHints":{"allow":["GET"]}}],"collection":[{"href":"https:\/\/rdnews.al\/index.php\/wp-json\/wp\/v2\/posts"}],"about":[{"href":"https:\/\/rdnews.al\/index.php\/wp-json\/wp\/v2\/types\/post"}],"author":[{"embeddable":true,"href":"https:\/\/rdnews.al\/index.php\/wp-json\/wp\/v2\/users\/5"}],"replies":[{"embeddable":true,"href":"https:\/\/rdnews.al\/index.php\/wp-json\/wp\/v2\/comments?post=19348"}],"version-history":[{"count":0,"href":"https:\/\/rdnews.al\/index.php\/wp-json\/wp\/v2\/posts\/19348\/revisions"}],"wp:featuredmedia":[{"embeddable":true,"href":"https:\/\/rdnews.al\/index.php\/wp-json\/wp\/v2\/media\/19349"}],"wp:attachment":[{"href":"https:\/\/rdnews.al\/index.php\/wp-json\/wp\/v2\/media?parent=19348"}],"wp:term":[{"taxonomy":"category","embeddable":true,"href":"https:\/\/rdnews.al\/index.php\/wp-json\/wp\/v2\/categories?post=19348"},{"taxonomy":"post_tag","embeddable":true,"href":"https:\/\/rdnews.al\/index.php\/wp-json\/wp\/v2\/tags?post=19348"}],"curies":[{"name":"wp","href":"https:\/\/api.w.org\/{rel}","templated":true}]}}