{"id":19383,"date":"2022-08-01T20:44:15","date_gmt":"2022-08-01T20:44:15","guid":{"rendered":"https:\/\/rdnews.al\/?p=19383"},"modified":"2022-08-01T21:06:44","modified_gmt":"2022-08-01T21:06:44","slug":"plas-ne-serbi-nese-preket-kosova-serbia-rrafshohet-sandulovic-vucicit-palaco-trego-cfare-te-tha-nato","status":"publish","type":"post","link":"https:\/\/rdnews.al\/index.php\/2022\/08\/01\/plas-ne-serbi-nese-preket-kosova-serbia-rrafshohet-sandulovic-vucicit-palaco-trego-cfare-te-tha-nato\/","title":{"rendered":"Plas n\u00eb Serbi, \u201cN\u00ebse preket Kosova, Serbia rrafshohet\u201d, Sandulovi\u00e7-Vu\u00e7i\u00e7it: Pala\u00e7o, trego \u00e7far\u00eb t\u00eb tha NATO"},"content":{"rendered":"<p>Politika serbe \u00ebsht\u00eb p\u00ebrfshir\u00eb nga tensione t\u00eb forta pas situat\u00ebs s\u00eb krijuar n\u00eb veri t\u00eb Kosov\u00ebs.<\/p>\n<p>Kryetari i Partis\u00eb Republikane t\u00eb Serbis\u00eb, Nikola Sandulovi\u00e7, e ka cil\u00ebsuar pala\u00e7o presidentin Aleksandar Vu\u00e7i\u00e7.<\/p>\n<p>P\u00ebrmes nj\u00eb postimi n\u00eb Facebook, ai i ka k\u00ebrkuar Vu\u00e7i\u00e7it t\u00eb ndaloj\u00eb propagand\u00ebn dhe t\u00eb sqaroj\u00eb para qytetar\u00ebve t\u00eb v\u00ebrtet\u00ebn se \u00e7far\u00eb i than\u00eb gjeneral\u00ebt e NATO-s.<\/p>\n<p>Siaps tij n\u00eb nj\u00eb komunikim me gjeneral\u00ebt serb\u00eb, forcat e NATO-s ua kan\u00eb b\u00ebr\u00eb t\u00eb qart\u00eb se n\u00ebse preket Kosova, Serbia do t\u00eb rrafshohet.<\/p>\n<p><strong>Postimi i Sandulovi\u00e7:<\/strong><\/p>\n<p>Ku u fshehe tani ALEKSANDRE VU\u00c7IQ, KLLOUN I P\u00cbRBASHK\u00cbT dhe jo Komandant!<\/p>\n<p>Pse nuk thirrni konferenc\u00eb shtypi tani dhe t\u2019i tregoni Serbis\u00eb \u00e7ka i than\u00eb gjeneral\u00ebt e #NATO-s mbr\u00ebm\u00eb \u201cgjeneral\u00ebt\u201d tuaj serb\u00eb t\u00eb thururur ngusht\u00eb?!<\/p>\n<p>Pse nuk thoni ju qe ju kane thene nese shkoni me ushtri ne Kosove, se Serbine e hedhim p\u00ebrtok\u00eb nga ajri?!<\/p>\n<p>P\u00cbR SHKAKUN TUAJ, KOKA JOTE E \u00c7MENDUR DHE GJUHA E DROGUAR!<\/p>\n<p>Dilni tani KLLOUN SUPREM dhe tregohuni para Serbis\u00eb n\u00eb EDICIONIN tuaj t\u00eb v\u00ebrtet\u00eb FRIKACAK, e jo t\u00eb na frenoni e t\u00eb na hidhni syt\u00eb n\u00eb Serbi n\u00eb mediat tuaja gobbels!<\/p>\n","protected":false},"excerpt":{"rendered":"<p>Politika serbe \u00ebsht\u00eb p\u00ebrfshir\u00eb nga tensione t\u00eb forta pas situat\u00ebs s\u00eb krijuar n\u00eb veri t\u00eb Kosov\u00ebs. Kryetari i Partis\u00eb Republikane t\u00eb Serbis\u00eb, Nikola Sandulovi\u00e7, e ka cil\u00ebsuar pala\u00e7o presidentin Aleksandar Vu\u00e7i\u00e7. P\u00ebrmes nj\u00eb postimi n\u00eb Facebook, ai i ka k\u00ebrkuar Vu\u00e7i\u00e7it t\u00eb ndaloj\u00eb propagand\u00ebn dhe t\u00eb sqaroj\u00eb para qytetar\u00ebve t\u00eb v\u00ebrtet\u00ebn se \u00e7far\u00eb i than\u00eb &hellip;<\/p>\n","protected":false},"author":4,"featured_media":19384,"comment_status":"open","ping_status":"open","sticky":false,"template":"","format":"standard","meta":{"footnotes":""},"categories":[40,38],"tags":[],"class_list":["post-19383","post","type-post","status-publish","format-standard","has-post-thumbnail","","category-aktualitet","category-bota"],"_links":{"self":[{"href":"https:\/\/rdnews.al\/index.php\/wp-json\/wp\/v2\/posts\/19383","targetHints":{"allow":["GET"]}}],"collection":[{"href":"https:\/\/rdnews.al\/index.php\/wp-json\/wp\/v2\/posts"}],"about":[{"href":"https:\/\/rdnews.al\/index.php\/wp-json\/wp\/v2\/types\/post"}],"author":[{"embeddable":true,"href":"https:\/\/rdnews.al\/index.php\/wp-json\/wp\/v2\/users\/4"}],"replies":[{"embeddable":true,"href":"https:\/\/rdnews.al\/index.php\/wp-json\/wp\/v2\/comments?post=19383"}],"version-history":[{"count":0,"href":"https:\/\/rdnews.al\/index.php\/wp-json\/wp\/v2\/posts\/19383\/revisions"}],"wp:featuredmedia":[{"embeddable":true,"href":"https:\/\/rdnews.al\/index.php\/wp-json\/wp\/v2\/media\/19384"}],"wp:attachment":[{"href":"https:\/\/rdnews.al\/index.php\/wp-json\/wp\/v2\/media?parent=19383"}],"wp:term":[{"taxonomy":"category","embeddable":true,"href":"https:\/\/rdnews.al\/index.php\/wp-json\/wp\/v2\/categories?post=19383"},{"taxonomy":"post_tag","embeddable":true,"href":"https:\/\/rdnews.al\/index.php\/wp-json\/wp\/v2\/tags?post=19383"}],"curies":[{"name":"wp","href":"https:\/\/api.w.org\/{rel}","templated":true}]}}