{"id":1952,"date":"2022-01-10T11:06:19","date_gmt":"2022-01-10T11:06:19","guid":{"rendered":"http:\/\/rdnews.al\/?p=1952"},"modified":"2022-01-10T11:06:19","modified_gmt":"2022-01-10T11:06:19","slug":"eshte-koha-e-te-vertetes","status":"publish","type":"post","link":"https:\/\/rdnews.al\/index.php\/2022\/01\/10\/eshte-koha-e-te-vertetes\/","title":{"rendered":"\u00cbsht\u00eb koha e t\u00eb v\u00ebrtet\u00ebs!"},"content":{"rendered":"<p><strong>Nga Mimoza HAJDARMATAJ<\/strong><\/p>\n<p>Partia Demokratike \u00ebsht\u00eb sht\u00ebpija dhe zemra e njer\u00ebzve q\u00eb e duan historin\u00eb, e \u00e7mojn\u00eb demokracin\u00eb dhe q\u00eb shpresojn\u00eb tek e ardhmja e vendit!<\/p>\n<p>Partia Demokratike, pa dyshimin m\u00eb t\u00eb vog\u00ebl, \u00ebsht\u00eb shpresa kryesore dhe m\u00eb e madhe e njer\u00ebzve, p\u00ebr ti dh\u00ebn\u00eb fund mafies-shtet dhe shtetit-mafie, sepse as teoricien\u00ebt m\u00eb t\u00eb ndritur nuk mund ta p\u00ebrcaktojn\u00eb m\u00eb \u00e7far\u00eb \u00ebsht\u00eb ky rregjim q\u00eb po jetojm\u00eb sot, n\u00eb bashk\u00ebpunim nd\u00ebrmjet Ram\u00ebs si oktapod q\u00eb ka z\u00ebn\u00eb edhe Bash\u00ebn!<\/p>\n<p>Dit\u00ebn e djeshme, shqiptar\u00ebt e pranish\u00ebm, demokrat\u00ebt e lir\u00eb t\u00eb k\u00ebtij vendi e pan\u00eb shum\u00eb mir\u00eb, nga af\u00ebr \u00e7far\u00eb ndodhi, si filloi dhuna.<\/p>\n<p>K\u00ebt\u00eb e pan\u00eb edhe gjith\u00eb shqiptar\u00ebt nga sht\u00ebpit\u00eb e tyre n\u00ebp\u00ebrmjet kamerave, dron\u00ebve, fotografive&#8230;<\/p>\n<p>P\u00ebr kronologji&#8230;<\/p>\n<p>\u00cbsht\u00eb e v\u00ebrtet\u00eb q\u00eb para se t\u00eb mb\u00ebrrinte Komisioni i P\u00ebrkohsh\u00ebm i Rithemelimit, pran\u00eb Selis\u00eb s\u00eb PD kishin arritur demokrat\u00eb nga e gjith\u00eb Shqip\u00ebria.<\/p>\n<p>Njer\u00ebz t\u00eb lir\u00eb e t\u00eb pa marr\u00eb peng nga ndonj\u00eb organiz\u00ebm apo ndonj\u00eb mafioz i k\u00ebtij vendi!<\/p>\n<p>K\u00ebta demokrat\u00eb i kan\u00eb pritur dhe i kan\u00eb shoq\u00ebruar eksponent\u00ebt e Basha &amp; Co deri tek hyrja an\u00ebsore e Selis\u00eb me v\u00ebrsh\u00ebllima dhe ofendime si\u00e7 ju kan\u00eb buruar nga zemra, sepse ata jan\u00eb njer\u00ebz t\u00eb lir\u00eb, jan\u00eb demokrat\u00eb dhe jan\u00eb njer\u00ebz q\u00eb e kan\u00eb ndjekur Bash\u00ebn hap pas hapi duke shpresuar, si t\u00eb gjith\u00eb ne, q\u00eb do t\u00eb na \u00e7onte drejt\u00eb fitores dhe q\u00eb nuk do t\u00eb na shiste!<\/p>\n<p>Si\u00e7 thash\u00eb ata kan\u00eb pritur me v\u00ebrsh\u00ebllima por asnj\u00eb nga ata nuk \u00ebsht\u00eb dhunuar, nuk \u00ebsht\u00eb terrorizuar dhe nuk \u00ebsht\u00eb k\u00ebrc\u00ebnuar! An\u00ebtar\u00ebt e turpit Basha &amp; Co kan\u00eb hyr\u00eb t\u00eb lir\u00eb dhe t\u00eb pa l\u00ebnduar n\u00eb Seli.<\/p>\n<p>Shqiptar\u00ebt, demokrat\u00ebt u bashkuan si p\u00ebrmbarues legjitim, politik p\u00ebr vendosjen n\u00eb vend t\u00eb vendimit t\u00eb shkarkimit dhe dor\u00ebzimin e zyrave t\u00eb kryetarit dhe grupeve drejtues t\u00eb organeve t\u00eb PD.<\/p>\n<p>Demokrat\u00ebt dhe ne an\u00ebtar\u00ebt e Komisionit t\u00eb Rithemelimit t\u00eb PD u b\u00ebm nj\u00eb!<\/p>\n<p>Shum\u00eb qytetar\u00eb me vullnetin e tyre, e ndjen\u00eb t\u00eb nevojshme hapjen e dyerve, p\u00ebr t\u00eb hyre brenda Selis\u00eb t\u00eb lir\u00eb dhe me legjitimitet, si\u00e7 i takon \u00e7do demokrati t\u00eb futet n\u00eb sht\u00ebpin\u00eb e vet.<\/p>\n<p>Hapja e dyerve \u00ebsht\u00eb krejt\u00ebsisht legjitime dhe nuk \u00ebsht\u00eb dhun\u00eb ndaj askujt dhe askush nuk ishte n\u00eb rrezik!<\/p>\n<p>As kur qytetar\u00ebt e lir\u00eb t\u00eb k\u00ebtij vendi donin t\u00eb ngjiteshin me shkall\u00eb n\u00eb ballkone dhe parvaze dritaresh dhe t\u00eb ngrenin dy gishtat lart si demokrat\u00eb nuk kishte rrezik p\u00ebr ask\u00ebnd!<\/p>\n<p>E gjitha kjo atmosfer\u00eb u shoq\u00ebrua nga thirrjet e Sali Berish\u00ebs dhe t\u00eb tjer\u00eb an\u00ebtar\u00ebve t\u00eb PD, q\u00eb demokrat\u00ebt t\u00eb mos binin preh e provokimeve dhe dhun\u00ebs.<\/p>\n<p>Sa m\u00eb shum\u00eb b\u00ebhej thirrje p\u00ebr t\u00eb mos r\u00ebn\u00eb preh e dhun\u00ebs aq m\u00eb shum\u00eb ata nga brenda provokonin, me thyerje xhamash nga brenda q\u00eb t\u2019u binin n\u00eb kok\u00eb protestuesve, me hedhje karrikesh mbi kokat e tyre, e lloje t\u00eb tjera sendesh t\u00eb forta.<\/p>\n<p>Kjo i irritoi gjith\u00eb qytetar\u00ebt.<\/p>\n<p>Basha &amp; Co n\u00eb bashk\u00ebpunim me policin\u00eb e Ram\u00ebs filluan t\u00eb hidhnin bomba zhurmuese (frik\u00ebsuese) nga br\u00ebnda selis\u00eb, n\u00eb katin e par\u00eb bosh, dhe pastaj n\u00eb af\u00ebrsi t\u00eb qytetar\u00ebve rreth Selis\u00eb.<\/p>\n<p>Qytetar\u00ebt e ngjitur n\u00eb ballkonet e sht\u00ebpis\u00eb s\u00eb tyre politike, u rrah\u00ebn brutalisht me shkopa nga mercenar\u00ebt e Bash\u00ebs. U dhunuan me mjete t\u00eb forta, u shtyn\u00eb dhe u p\u00ebrplas\u00ebn duke u rr\u00ebzuar edhe nga shkall\u00ebt.<\/p>\n<p>Deputet\u00eb t\u00eb pacip\u00eb, frikacak\u00eb dhe dinak\u00eb, q\u00eb donin t\u00eb justifikonin vetveten, hap\u00ebn alarme se gjoja po dhunoheshin, kur ishin po ata qytetar\u00eb q\u00eb i kishin l\u00ebn\u00eb t\u00eb hynin lirisht brenda dhe t\u00eb organizonin pseudombledhje.<\/p>\n<p>Dhuna pa asnj\u00eb dyshim buroi nga brenda!<\/p>\n<p>Policia p\u00ebr t\u00eb justifikuar lajm\u00ebrimin e disa dit\u00ebve m\u00eb par\u00eb p\u00ebr dhun\u00eb, e b\u00ebn vet dhun\u00ebn, hodh\u00ebn pa kursim dhe n\u00eb m\u00ebnyr\u00eb antiligjore gaz, l\u00ebnd\u00eb helmuese dhe uj\u00eb mbi qytetar\u00ebt!<\/p>\n<p>Tirana e p\u00ebrjetoi gazin lot\u00ebsjell\u00ebs nga Kalaja, tek Bulevardi D\u00ebshmor\u00ebt e Kombit, tek Shkolla Kosova n\u00eb Rrug\u00ebn e Elbasanit e deri tek Ura e Tabak\u00ebve.<\/p>\n<p>Policia arriti deri aty sa t\u00eb mos kursej\u00eb gazin lot\u00ebsjell\u00ebs edhe mbi kokat e deputet\u00ebve t\u00eb k\u00ebtij vendi, mbi gazetar\u00ebt dhe mbi \u00e7do k\u00ebnd q\u00eb ka qen\u00eb n\u00eb perimetrin e af\u00ebrt dhe t\u00eb larg\u00ebt t\u00eb grumbullimit qytetar\u00eb.<\/p>\n<p>Ky \u00ebsht\u00eb nj\u00eb rast i pa pre\u00e7edent, i pa turp, i sh\u00ebmtuar dhe q\u00eb tregon mbrojtjen q\u00eb dyshja Rama- Basha po i b\u00ebjn\u00eb nj\u00ebri tjetrit!<\/p>\n<p>Qytetar\u00ebt po e kuptojn\u00eb \u00e7do dit\u00eb e m\u00eb shum\u00eb q\u00eb ata jan\u00eb nj\u00eb, si oktapod q\u00eb k\u00ebrkon t\u00eb shtrij\u00eb tentakulat e lig\u00ebsis\u00eb mbi gjith\u00eb shqiptar\u00ebt, mbi gjitha selit\u00eb dhe organizmat e lir\u00eb t\u00eb k\u00ebtij vendi!<\/p>\n<p>\u00cbsht\u00eb koha e t\u00eb v\u00ebrtet\u00ebs!<\/p>\n<p>Koha e liris\u00eb!<\/p>\n<p>Koha t\u2019i kthejm\u00eb pluralizmin funksional k\u00ebtij vendi!<\/p>\n<p><img loading=\"lazy\" decoding=\"async\" class=\"alignnone size-medium wp-image-1954\" src=\"https:\/\/rdnews.al\/wp-content\/uploads\/2022\/01\/1-9-277x300.jpg\" alt=\"\" width=\"277\" height=\"300\" srcset=\"https:\/\/rdnews.al\/wp-content\/uploads\/2022\/01\/1-9-277x300.jpg 277w, https:\/\/rdnews.al\/wp-content\/uploads\/2022\/01\/1-9-946x1024.jpg 946w, https:\/\/rdnews.al\/wp-content\/uploads\/2022\/01\/1-9-768x831.jpg 768w, https:\/\/rdnews.al\/wp-content\/uploads\/2022\/01\/1-9.jpg 1080w\" sizes=\"auto, (max-width: 277px) 100vw, 277px\" \/><\/p>\n<p><img loading=\"lazy\" decoding=\"async\" class=\"alignnone size-medium wp-image-1955\" src=\"https:\/\/rdnews.al\/wp-content\/uploads\/2022\/01\/2-7-300x173.jpg\" alt=\"\" width=\"300\" height=\"173\" srcset=\"https:\/\/rdnews.al\/wp-content\/uploads\/2022\/01\/2-7-300x173.jpg 300w, https:\/\/rdnews.al\/wp-content\/uploads\/2022\/01\/2-7.jpg 720w\" sizes=\"auto, (max-width: 300px) 100vw, 300px\" \/><\/p>\n<p><img loading=\"lazy\" decoding=\"async\" class=\"alignnone size-medium wp-image-1956\" src=\"https:\/\/rdnews.al\/wp-content\/uploads\/2022\/01\/3-4-225x300.jpg\" alt=\"\" width=\"225\" height=\"300\" srcset=\"https:\/\/rdnews.al\/wp-content\/uploads\/2022\/01\/3-4-225x300.jpg 225w, https:\/\/rdnews.al\/wp-content\/uploads\/2022\/01\/3-4-768x1024.jpg 768w, https:\/\/rdnews.al\/wp-content\/uploads\/2022\/01\/3-4-1152x1536.jpg 1152w, https:\/\/rdnews.al\/wp-content\/uploads\/2022\/01\/3-4.jpg 1200w\" sizes=\"auto, (max-width: 225px) 100vw, 225px\" \/><\/p>\n<p><img loading=\"lazy\" decoding=\"async\" class=\"alignnone size-medium wp-image-1953\" src=\"https:\/\/rdnews.al\/wp-content\/uploads\/2022\/01\/4-1-210x300.jpg\" alt=\"\" width=\"210\" height=\"300\" srcset=\"https:\/\/rdnews.al\/wp-content\/uploads\/2022\/01\/4-1-210x300.jpg 210w, https:\/\/rdnews.al\/wp-content\/uploads\/2022\/01\/4-1-715x1024.jpg 715w, https:\/\/rdnews.al\/wp-content\/uploads\/2022\/01\/4-1-768x1099.jpg 768w, https:\/\/rdnews.al\/wp-content\/uploads\/2022\/01\/4-1-1073x1536.jpg 1073w, https:\/\/rdnews.al\/wp-content\/uploads\/2022\/01\/4-1.jpg 1080w\" sizes=\"auto, (max-width: 210px) 100vw, 210px\" \/><\/p>\n<p><img loading=\"lazy\" decoding=\"async\" class=\"alignnone size-full wp-image-1957\" src=\"https:\/\/rdnews.al\/wp-content\/uploads\/2022\/01\/45.jpg\" alt=\"\" width=\"242\" height=\"280\" \/><\/p>\n","protected":false},"excerpt":{"rendered":"<p>Nga Mimoza HAJDARMATAJ Partia Demokratike \u00ebsht\u00eb sht\u00ebpija dhe zemra e njer\u00ebzve q\u00eb e duan historin\u00eb, e \u00e7mojn\u00eb demokracin\u00eb dhe q\u00eb shpresojn\u00eb tek e ardhmja e vendit! Partia Demokratike, pa dyshimin m\u00eb t\u00eb vog\u00ebl, \u00ebsht\u00eb shpresa kryesore dhe m\u00eb e madhe e njer\u00ebzve, p\u00ebr ti dh\u00ebn\u00eb fund mafies-shtet dhe shtetit-mafie, sepse as teoricien\u00ebt m\u00eb t\u00eb ndritur &hellip;<\/p>\n","protected":false},"author":4,"featured_media":1953,"comment_status":"open","ping_status":"open","sticky":false,"template":"","format":"standard","meta":{"footnotes":""},"categories":[44],"tags":[],"class_list":["post-1952","post","type-post","status-publish","format-standard","has-post-thumbnail","","category-editorial"],"_links":{"self":[{"href":"https:\/\/rdnews.al\/index.php\/wp-json\/wp\/v2\/posts\/1952","targetHints":{"allow":["GET"]}}],"collection":[{"href":"https:\/\/rdnews.al\/index.php\/wp-json\/wp\/v2\/posts"}],"about":[{"href":"https:\/\/rdnews.al\/index.php\/wp-json\/wp\/v2\/types\/post"}],"author":[{"embeddable":true,"href":"https:\/\/rdnews.al\/index.php\/wp-json\/wp\/v2\/users\/4"}],"replies":[{"embeddable":true,"href":"https:\/\/rdnews.al\/index.php\/wp-json\/wp\/v2\/comments?post=1952"}],"version-history":[{"count":0,"href":"https:\/\/rdnews.al\/index.php\/wp-json\/wp\/v2\/posts\/1952\/revisions"}],"wp:featuredmedia":[{"embeddable":true,"href":"https:\/\/rdnews.al\/index.php\/wp-json\/wp\/v2\/media\/1953"}],"wp:attachment":[{"href":"https:\/\/rdnews.al\/index.php\/wp-json\/wp\/v2\/media?parent=1952"}],"wp:term":[{"taxonomy":"category","embeddable":true,"href":"https:\/\/rdnews.al\/index.php\/wp-json\/wp\/v2\/categories?post=1952"},{"taxonomy":"post_tag","embeddable":true,"href":"https:\/\/rdnews.al\/index.php\/wp-json\/wp\/v2\/tags?post=1952"}],"curies":[{"name":"wp","href":"https:\/\/api.w.org\/{rel}","templated":true}]}}