{"id":19715,"date":"2022-08-03T20:56:39","date_gmt":"2022-08-03T20:56:39","guid":{"rendered":"https:\/\/rdnews.al\/?p=19715"},"modified":"2022-08-03T20:57:06","modified_gmt":"2022-08-03T20:57:06","slug":"eci-mbrapsht-dhe-me-shpejtesi-zbardhet-deshmia-e-policit-vrases","status":"publish","type":"post","link":"https:\/\/rdnews.al\/index.php\/2022\/08\/03\/eci-mbrapsht-dhe-me-shpejtesi-zbardhet-deshmia-e-policit-vrases\/","title":{"rendered":"Skafi eci mbrapsht dhe me shpejt\u00ebsi, zbardhet d\u00ebshmia e policit vras\u00ebs"},"content":{"rendered":"<p>\u00cbsht\u00eb zbardhur d\u00ebshmia e Arjan Tases, punonj\u00ebsi i policis\u00eb Elbasan i cili dit\u00ebn e sotme i mori jet\u00ebn 7-vje\u00e7ares sot n\u00eb plazhin e Potamit.<\/p>\n<p>Tase ka pranuar n\u00eb polici autor\u00ebsin\u00eb e krimit dhe ka treguar se n\u00eb momentin kur kur ka goditur vajz\u00ebn gomonia ka marr\u00eb gaz n\u00eb m\u00ebnyr\u00eb t\u00eb menj\u00ebhershme duke b\u00ebr\u00eb nj\u00eb rrotullim n\u00eb vend.<\/p>\n<p>Sipas tij kjo ka sjell\u00eb goditjen nga pas me helika t\u00eb vajz\u00ebs s\u00eb mitur. M\u00eb tej Arjan Tase ka deklaruar se gomonia i p\u00ebrket djalit t\u00eb xhaxhait t\u00eb tij.<\/p>\n<p>Ai ka treguar se m\u00ebngjesin e sot\u00ebm ka shkuar me makin\u00eb n\u00eb Porto Palermo dhe aty ka marr\u00eb gomonen. Nga Porto Palermo ai ka udh\u00ebtuar me gomone drejt Potanit ku do merrte gruan dhe f\u00ebmij\u00ebt p\u00ebr ti nxjerr\u00eb sh\u00ebtitje n\u00eb det.<\/p>\n<p>Sapo familja e policit ka hipur n\u00eb gomone, Tase i ka dh\u00ebn\u00eb gomones mbrapsht p\u00ebr t\u00eb dal\u00eb bregu n\u00eb det. Por n\u00eb k\u00ebt\u00eb moment gomonia ka marr\u00eb shum\u00eb gaz dhe ka b\u00ebr\u00eb nj\u00eb rrotullim t\u00eb menj\u00ebhersh\u00ebm n\u00eb vend.<\/p>\n<p>Tase ka deklaruar gjithashtu se \u00ebsht\u00eb i pajisur me leje drejtimi t\u00eb mjeteve lundruese.<\/p>\n","protected":false},"excerpt":{"rendered":"<p>\u00cbsht\u00eb zbardhur d\u00ebshmia e Arjan Tases, punonj\u00ebsi i policis\u00eb Elbasan i cili dit\u00ebn e sotme i mori jet\u00ebn 7-vje\u00e7ares sot n\u00eb plazhin e Potamit. Tase ka pranuar n\u00eb polici autor\u00ebsin\u00eb e krimit dhe ka treguar se n\u00eb momentin kur kur ka goditur vajz\u00ebn gomonia ka marr\u00eb gaz n\u00eb m\u00ebnyr\u00eb t\u00eb menj\u00ebhershme duke b\u00ebr\u00eb nj\u00eb rrotullim &hellip;<\/p>\n","protected":false},"author":4,"featured_media":19716,"comment_status":"open","ping_status":"open","sticky":false,"template":"","format":"standard","meta":{"footnotes":""},"categories":[37],"tags":[],"class_list":["post-19715","post","type-post","status-publish","format-standard","has-post-thumbnail","","category-politike"],"_links":{"self":[{"href":"https:\/\/rdnews.al\/index.php\/wp-json\/wp\/v2\/posts\/19715","targetHints":{"allow":["GET"]}}],"collection":[{"href":"https:\/\/rdnews.al\/index.php\/wp-json\/wp\/v2\/posts"}],"about":[{"href":"https:\/\/rdnews.al\/index.php\/wp-json\/wp\/v2\/types\/post"}],"author":[{"embeddable":true,"href":"https:\/\/rdnews.al\/index.php\/wp-json\/wp\/v2\/users\/4"}],"replies":[{"embeddable":true,"href":"https:\/\/rdnews.al\/index.php\/wp-json\/wp\/v2\/comments?post=19715"}],"version-history":[{"count":0,"href":"https:\/\/rdnews.al\/index.php\/wp-json\/wp\/v2\/posts\/19715\/revisions"}],"wp:featuredmedia":[{"embeddable":true,"href":"https:\/\/rdnews.al\/index.php\/wp-json\/wp\/v2\/media\/19716"}],"wp:attachment":[{"href":"https:\/\/rdnews.al\/index.php\/wp-json\/wp\/v2\/media?parent=19715"}],"wp:term":[{"taxonomy":"category","embeddable":true,"href":"https:\/\/rdnews.al\/index.php\/wp-json\/wp\/v2\/categories?post=19715"},{"taxonomy":"post_tag","embeddable":true,"href":"https:\/\/rdnews.al\/index.php\/wp-json\/wp\/v2\/tags?post=19715"}],"curies":[{"name":"wp","href":"https:\/\/api.w.org\/{rel}","templated":true}]}}