{"id":19762,"date":"2022-08-04T10:40:08","date_gmt":"2022-08-04T10:40:08","guid":{"rendered":"https:\/\/rdnews.al\/?p=19762"},"modified":"2022-08-04T10:45:45","modified_gmt":"2022-08-04T10:45:45","slug":"shqiptaret-kane-plotesisht-te-drejte-sot-qe-revoltohen-ndaj-kryeministrit-ne-detyre","status":"publish","type":"post","link":"https:\/\/rdnews.al\/index.php\/2022\/08\/04\/shqiptaret-kane-plotesisht-te-drejte-sot-qe-revoltohen-ndaj-kryeministrit-ne-detyre\/","title":{"rendered":"Shqiptar\u00ebt kan\u00eb plot\u00ebsisht t\u00eb drejt\u00eb sot q\u00eb revoltohen ndaj kryeministrit n\u00eb detyr\u00eb"},"content":{"rendered":"<p><strong>Nga Iva V.GRILLO<\/strong><\/p>\n<p>Une jam nga ata qe mendoj se shqiptaret kane plotesisht te drejte sot qe revolten ndaj kryeministrit ne detyre ta kene jo vetem te natyres politike por edhe personale.<\/p>\n<p>Politike qe \u00e7\u2019ke me te\u2026 sepse nepermjet politikes se mbapshte dhe antipopullore kryeministri dhe shpura e tij e kane cuar vendin ne buze te gremines.<\/p>\n<p>T&#8217;u kerkosh njerezve te perballojne nje regjim, pa instrumente politike dhe me \u201cduar ne xhepa\u201d, duke bere kerkesa qe shkelesit e ligjit te vene doren ne zemer dhe te permiresohen\u2026 eshte njesoj si te kesh vulosur fatin e vendit e shqiptareve edhe per nja 10 vite te tjera\u2026duke i lene ne pike te hallit.<\/p>\n<p>Por historia ne rastin tone nuk perfundon ketu: kryeministri shqiptar nuk ben vetem nje politike anti-shqiptare, por ka qelluar te jete edhe nje telendar e gojeshthurur i pashoq.<\/p>\n<p>Dhe per kete arsye do te duhej qe te gjithe ta kishim me te edhe personale\u2026<\/p>\n<p>Po, po\u2026personale, njesoj si\u00e7 do ta kishim me kedo qe na fyen pa te drejte apo na jep ndonje dacke ne publik.<\/p>\n<p>Sepse ai fyen kur duhet te ngushelloje, sepse derdellit kur duhet te heshte, sepse ben cubin kur duhet te beje te perulurin\u2026dhe ne kete kuptim, cubi i kryeministrise i veshur me xhakete roze nuk dallon shume nga ai tjetri i veshur me rrobabanjo roze qe beri gjemen ne Himare\u2026<\/p>\n<p>Po po, personale duhet ta kene te gjithe me kete burrec&#8230; te gjithe \u201ckafshet\u201d dhe \u201cvampiret\u201d qe paguajne taksa si gjithe te tjeret per t\u2019u trajtuar me dinjitet, sidomos ne dite morti\u2026<\/p>\n<p>Ndoshta ka ardhur momenti qe kryeministri ta shikoje sesi egersohet \u201ckafsha\u201d kur i cenohen te vegjlit apo ekzistenca&#8230;<\/p>\n<p>Ka vetem nje gje qe e shlyen kete paturpesi: doreheqje e kryeministrit gojeshthurur dhe zemercingun<\/p>\n<p><a href=\"https:\/\/www.facebook.com\/hashtag\/stopfarsesrama?__eep__=6&amp;__cft__%5b0%5d=AZWkaVTD5eubXIkwxqQMpfwNP-rOgSUr-T-n1LlmFck447KWr0CDr_8jQ3Fg6MbY8m0T_SleKbf64qog2dA3y3qXzVyaAPwN2I-ugDA5TTWCaOmKY5gA5AJ_y-ISq8QKxXonTiHeikfP41up_GXZZk-02gvCXH0UreWl4-2UyqRfWA&amp;__tn__=*NK-R\" target=\"_blank\" rel=\"noopener\">#stopfarsesrama<\/a><\/p>\n<p><img loading=\"lazy\" decoding=\"async\" class=\"alignnone size-medium wp-image-19763\" src=\"https:\/\/rdnews.al\/wp-content\/uploads\/2022\/08\/1-6-300x112.jpg\" alt=\"\" width=\"300\" height=\"112\" srcset=\"https:\/\/rdnews.al\/wp-content\/uploads\/2022\/08\/1-6-300x112.jpg 300w, https:\/\/rdnews.al\/wp-content\/uploads\/2022\/08\/1-6-1024x381.jpg 1024w, https:\/\/rdnews.al\/wp-content\/uploads\/2022\/08\/1-6-768x286.jpg 768w, https:\/\/rdnews.al\/wp-content\/uploads\/2022\/08\/1-6.jpg 1077w\" sizes=\"auto, (max-width: 300px) 100vw, 300px\" \/><\/p>\n<p><img loading=\"lazy\" decoding=\"async\" class=\"alignnone size-medium wp-image-19764\" src=\"https:\/\/rdnews.al\/wp-content\/uploads\/2022\/08\/2-5-226x300.jpg\" alt=\"\" width=\"226\" height=\"300\" srcset=\"https:\/\/rdnews.al\/wp-content\/uploads\/2022\/08\/2-5-226x300.jpg 226w, https:\/\/rdnews.al\/wp-content\/uploads\/2022\/08\/2-5-773x1024.jpg 773w, https:\/\/rdnews.al\/wp-content\/uploads\/2022\/08\/2-5-768x1018.jpg 768w, https:\/\/rdnews.al\/wp-content\/uploads\/2022\/08\/2-5.jpg 1080w\" sizes=\"auto, (max-width: 226px) 100vw, 226px\" \/><\/p>\n","protected":false},"excerpt":{"rendered":"<p>Nga Iva V.GRILLO Une jam nga ata qe mendoj se shqiptaret kane plotesisht te drejte sot qe revolten ndaj kryeministrit ne detyre ta kene jo vetem te natyres politike por edhe personale. Politike qe \u00e7\u2019ke me te\u2026 sepse nepermjet politikes se mbapshte dhe antipopullore kryeministri dhe shpura e tij e kane cuar vendin ne buze &hellip;<\/p>\n","protected":false},"author":4,"featured_media":0,"comment_status":"open","ping_status":"open","sticky":false,"template":"","format":"standard","meta":{"footnotes":""},"categories":[44],"tags":[],"class_list":["post-19762","post","type-post","status-publish","format-standard","","category-editorial"],"_links":{"self":[{"href":"https:\/\/rdnews.al\/index.php\/wp-json\/wp\/v2\/posts\/19762","targetHints":{"allow":["GET"]}}],"collection":[{"href":"https:\/\/rdnews.al\/index.php\/wp-json\/wp\/v2\/posts"}],"about":[{"href":"https:\/\/rdnews.al\/index.php\/wp-json\/wp\/v2\/types\/post"}],"author":[{"embeddable":true,"href":"https:\/\/rdnews.al\/index.php\/wp-json\/wp\/v2\/users\/4"}],"replies":[{"embeddable":true,"href":"https:\/\/rdnews.al\/index.php\/wp-json\/wp\/v2\/comments?post=19762"}],"version-history":[{"count":0,"href":"https:\/\/rdnews.al\/index.php\/wp-json\/wp\/v2\/posts\/19762\/revisions"}],"wp:attachment":[{"href":"https:\/\/rdnews.al\/index.php\/wp-json\/wp\/v2\/media?parent=19762"}],"wp:term":[{"taxonomy":"category","embeddable":true,"href":"https:\/\/rdnews.al\/index.php\/wp-json\/wp\/v2\/categories?post=19762"},{"taxonomy":"post_tag","embeddable":true,"href":"https:\/\/rdnews.al\/index.php\/wp-json\/wp\/v2\/tags?post=19762"}],"curies":[{"name":"wp","href":"https:\/\/api.w.org\/{rel}","templated":true}]}}