{"id":19864,"date":"2022-08-05T09:34:57","date_gmt":"2022-08-05T09:34:57","guid":{"rendered":"https:\/\/rdnews.al\/?p=19864"},"modified":"2022-08-05T09:34:57","modified_gmt":"2022-08-05T09:34:57","slug":"orban-sulmon-ashper-sorosin","status":"publish","type":"post","link":"https:\/\/rdnews.al\/index.php\/2022\/08\/05\/orban-sulmon-ashper-sorosin\/","title":{"rendered":"Orban sulmon ashp\u00ebr Sorosin"},"content":{"rendered":"<p>Kryeministri hungarez, Viktor Orban, mbajti nj\u00eb fjalim n\u00eb nj\u00eb konferenc\u00eb konservator\u00ebsh n\u00eb Teksas, duke entuziazmuar t\u00eb pranishmit.<\/p>\n<p>Sipas BBC, fjalimi i tij ndezi konservator\u00ebt teksan\u00eb, nd\u00ebrsa Orban theksoi se Per\u00ebndimi \u00ebsht\u00eb ky\u00e7ur n\u00eb nj\u00eb p\u00ebrplasje qytet\u00ebrimesh.<\/p>\n<p>\u201cNe duhet t\u00eb marrim p\u00ebrs\u00ebri institucionet n\u00eb Uashington dhe Bruksel,\u201d tha ai. \u201cNe duhet t\u00eb koordinojm\u00eb l\u00ebvizjen e trupave tona, p\u00ebr shkak se p\u00ebrballemi me t\u00eb nj\u00ebjt\u00ebn sfid\u00eb\u201d.<\/p>\n<p>\u201cJu keni dy vjet p\u00ebr t\u2019u p\u00ebrgatitur,\u201d shtoi ai, duke iu referuar zgjedhjeve presidenciale t\u00eb vitit 2024 n\u00eb SHBA.<\/p>\n<p>Orban shkaktoi ovacione t\u00eb forta n\u00eb sall\u00eb, kur lexoi nj\u00eb pjes\u00eb nga Kushtetuta hungareze, ku thuhet se martesa \u00ebsht\u00eb vet\u00ebm mes nj\u00eb burri dhe nj\u00eb gruaje.<\/p>\n<p>\u201cSa m\u00eb pak burra q\u00eb vishen si gra dhe sa m\u00eb shum\u00eb Chuch Norris,\u201d tha ai.<\/p>\n<p>Orban sulmoi edhe miliarderin e majt\u00eb, George Soros n\u00eb k\u00ebt\u00eb konferenc\u00eb.<\/p>\n<p>\u201cE njoh shum\u00eb mir\u00eb Sorosin. Ai \u00ebsht\u00eb kund\u00ebrshtari im. Ai nuk beson n\u00eb asnj\u00eb nga gj\u00ebrat q\u00eb b\u00ebjm\u00eb ne dhe ka nj\u00eb ushtri n\u00eb sh\u00ebrbim t\u00eb tij- para, OJQ, universitete, institucione k\u00ebrkimore dhe gjysm\u00ebn e burokracis\u00eb n\u00eb Bruksel. Ai e p\u00ebrdor k\u00ebt\u00eb ushtri p\u00ebr t\u00eb imponuar vullnetin e tij mbi kund\u00ebrshtar\u00ebt, si\u00e7 me ne hungarez\u00ebt,\u201d tha Orban.<\/p>\n<p>Sipas tij, Soros mendon se vlerat e krishtera e \u00e7uan bot\u00ebn drejt tmerreve t\u00eb shekullit t\u00eb 20-t\u00eb.<\/p>\n<p>\u201cPor n\u00eb fakt \u00ebsht\u00eb e kund\u00ebrta. Vlerat tona na shp\u00ebtojn\u00eb nga rip\u00ebrs\u00ebritja e historis\u00eb. Tmerret e nazizmit dhe komunizmit ndodh\u00ebn sepse disa shtete per\u00ebndimore n\u00eb Evrop\u00ebn kontinentale braktis\u00ebn vlerat e krishtera. Dhe progresist\u00ebt e sot\u00ebm po planifikojn\u00eb t\u00eb b\u00ebjn\u00eb t\u00eb nj\u00ebjt\u00ebn gj\u00eb,\u201d tha ai.<\/p>\n","protected":false},"excerpt":{"rendered":"<p>Kryeministri hungarez, Viktor Orban, mbajti nj\u00eb fjalim n\u00eb nj\u00eb konferenc\u00eb konservator\u00ebsh n\u00eb Teksas, duke entuziazmuar t\u00eb pranishmit. Sipas BBC, fjalimi i tij ndezi konservator\u00ebt teksan\u00eb, nd\u00ebrsa Orban theksoi se Per\u00ebndimi \u00ebsht\u00eb ky\u00e7ur n\u00eb nj\u00eb p\u00ebrplasje qytet\u00ebrimesh. \u201cNe duhet t\u00eb marrim p\u00ebrs\u00ebri institucionet n\u00eb Uashington dhe Bruksel,\u201d tha ai. \u201cNe duhet t\u00eb koordinojm\u00eb l\u00ebvizjen e trupave &hellip;<\/p>\n","protected":false},"author":5,"featured_media":0,"comment_status":"open","ping_status":"open","sticky":false,"template":"","format":"standard","meta":{"footnotes":""},"categories":[38],"tags":[],"class_list":["post-19864","post","type-post","status-publish","format-standard","","category-bota"],"_links":{"self":[{"href":"https:\/\/rdnews.al\/index.php\/wp-json\/wp\/v2\/posts\/19864","targetHints":{"allow":["GET"]}}],"collection":[{"href":"https:\/\/rdnews.al\/index.php\/wp-json\/wp\/v2\/posts"}],"about":[{"href":"https:\/\/rdnews.al\/index.php\/wp-json\/wp\/v2\/types\/post"}],"author":[{"embeddable":true,"href":"https:\/\/rdnews.al\/index.php\/wp-json\/wp\/v2\/users\/5"}],"replies":[{"embeddable":true,"href":"https:\/\/rdnews.al\/index.php\/wp-json\/wp\/v2\/comments?post=19864"}],"version-history":[{"count":0,"href":"https:\/\/rdnews.al\/index.php\/wp-json\/wp\/v2\/posts\/19864\/revisions"}],"wp:attachment":[{"href":"https:\/\/rdnews.al\/index.php\/wp-json\/wp\/v2\/media?parent=19864"}],"wp:term":[{"taxonomy":"category","embeddable":true,"href":"https:\/\/rdnews.al\/index.php\/wp-json\/wp\/v2\/categories?post=19864"},{"taxonomy":"post_tag","embeddable":true,"href":"https:\/\/rdnews.al\/index.php\/wp-json\/wp\/v2\/tags?post=19864"}],"curies":[{"name":"wp","href":"https:\/\/api.w.org\/{rel}","templated":true}]}}