{"id":19939,"date":"2022-08-05T12:44:18","date_gmt":"2022-08-05T12:44:18","guid":{"rendered":"https:\/\/rdnews.al\/?p=19939"},"modified":"2022-08-05T12:44:18","modified_gmt":"2022-08-05T12:44:18","slug":"berisha-rama-dhe-skafet","status":"publish","type":"post","link":"https:\/\/rdnews.al\/index.php\/2022\/08\/05\/berisha-rama-dhe-skafet\/","title":{"rendered":"Berisha, Rama dhe skafet"},"content":{"rendered":"<p>Bledi KASMI<\/p>\n<p>P\u00ebrgjat\u00eb 8 viteve t\u00eb qeverisjes s\u00eb Berish\u00ebs kishte memorandum p\u00ebr skafet, nuk lejoheshin t\u00eb qarkulonin, dhe kjo p\u00ebr t\u00eb siguruar jet\u00ebn e qytetar\u00ebve q\u00eb pushonin si dhe parandalimin e trafiqeve. <\/p>\n<p>Sapo Rama erdhi n\u00eb pushtet, nga t\u00eb parat vendime q\u00eb mori ishte pik\u00ebrisht shfuqizimi i k\u00ebtij vendimi p\u00ebr moratoriumin e skafeve. Pse e b\u00ebri k\u00ebt\u00eb? <\/p>\n<p>Sepsee duhej q\u00eb deti t\u00eb kthehet n\u00eb nj\u00eb autostrad\u00eb t\u00eb trafikut t\u00eb drog\u00ebs. Edhe tani, Rama nuk e vendos nj\u00eb moratorium t\u00eb till\u00eb sepse i duhet p\u00ebr eksportin e drog\u00ebs drejt Italis\u00eb gjat\u00eb jav\u00ebve t\u00eb ardhshme dhe p\u00ebrpara fitimeve t\u00eb k\u00ebtij trafiku vlera e jet\u00ebs s\u00eb f\u00ebmij\u00ebve \u00ebsht\u00eb zero.<\/p>\n","protected":false},"excerpt":{"rendered":"<p>Bledi KASMI P\u00ebrgjat\u00eb 8 viteve t\u00eb qeverisjes s\u00eb Berish\u00ebs kishte memorandum p\u00ebr skafet, nuk lejoheshin t\u00eb qarkulonin, dhe kjo p\u00ebr t\u00eb siguruar jet\u00ebn e qytetar\u00ebve q\u00eb pushonin si dhe parandalimin e trafiqeve. Sapo Rama erdhi n\u00eb pushtet, nga t\u00eb parat vendime q\u00eb mori ishte pik\u00ebrisht shfuqizimi i k\u00ebtij vendimi p\u00ebr moratoriumin e skafeve. Pse e &hellip;<\/p>\n","protected":false},"author":5,"featured_media":19940,"comment_status":"open","ping_status":"open","sticky":false,"template":"","format":"standard","meta":{"footnotes":""},"categories":[37],"tags":[],"class_list":["post-19939","post","type-post","status-publish","format-standard","has-post-thumbnail","","category-politike"],"_links":{"self":[{"href":"https:\/\/rdnews.al\/index.php\/wp-json\/wp\/v2\/posts\/19939","targetHints":{"allow":["GET"]}}],"collection":[{"href":"https:\/\/rdnews.al\/index.php\/wp-json\/wp\/v2\/posts"}],"about":[{"href":"https:\/\/rdnews.al\/index.php\/wp-json\/wp\/v2\/types\/post"}],"author":[{"embeddable":true,"href":"https:\/\/rdnews.al\/index.php\/wp-json\/wp\/v2\/users\/5"}],"replies":[{"embeddable":true,"href":"https:\/\/rdnews.al\/index.php\/wp-json\/wp\/v2\/comments?post=19939"}],"version-history":[{"count":0,"href":"https:\/\/rdnews.al\/index.php\/wp-json\/wp\/v2\/posts\/19939\/revisions"}],"wp:featuredmedia":[{"embeddable":true,"href":"https:\/\/rdnews.al\/index.php\/wp-json\/wp\/v2\/media\/19940"}],"wp:attachment":[{"href":"https:\/\/rdnews.al\/index.php\/wp-json\/wp\/v2\/media?parent=19939"}],"wp:term":[{"taxonomy":"category","embeddable":true,"href":"https:\/\/rdnews.al\/index.php\/wp-json\/wp\/v2\/categories?post=19939"},{"taxonomy":"post_tag","embeddable":true,"href":"https:\/\/rdnews.al\/index.php\/wp-json\/wp\/v2\/tags?post=19939"}],"curies":[{"name":"wp","href":"https:\/\/api.w.org\/{rel}","templated":true}]}}