{"id":20220,"date":"2022-08-10T10:21:27","date_gmt":"2022-08-10T10:21:27","guid":{"rendered":"https:\/\/rdnews.al\/?p=20220"},"modified":"2022-08-10T10:21:27","modified_gmt":"2022-08-10T10:21:27","slug":"meta-per-havzi-nelen-sot-a-frymezon-me-shume-se-asnjehere-tjeter","status":"publish","type":"post","link":"https:\/\/rdnews.al\/index.php\/2022\/08\/10\/meta-per-havzi-nelen-sot-a-frymezon-me-shume-se-asnjehere-tjeter\/","title":{"rendered":"Meta p\u00ebr Havzi Nel\u00ebn: Sot a frym\u00ebzon m\u00eb shum\u00eb se asnj\u00ebher\u00eb tjet\u00ebr"},"content":{"rendered":"<p>Kreu i Partis\u00eb s\u00eb Liris\u00eb Ilir Meta ka p\u00ebrkujtuar sot poetin Havzi Nela n\u00eb 34-vjetorin e vdekjes.<\/p>\n<p>Meta e cil\u00ebson simbol t\u00eb fjal\u00ebs s\u00eb lir\u00eb dhe dinjitetit njer\u00ebzor, duke theksuar se sot me kumtin e vargjeve t\u00eb tij ai frym\u00ebzon m\u00eb shum\u00eb se asnj\u00ebher\u00eb tjet\u00ebr p\u00ebr triumfin e fjal\u00ebs s\u00eb lir\u00eb dhe t\u00eb LIRIS\u00cb.<\/p>\n<p>POSTIMI I PLOT\u00cb<br \/>\nP\u00ebrkujtojm\u00eb me nderim poetin martir, Havzi Nela, simbolin e fjal\u00ebs s\u00eb lir\u00eb dhe dinjitetit njer\u00ebzor, q\u00eb shp\u00ebrfilli dhe vdekjen p\u00ebr t\u00eb mbetur i p\u00ebrjetsh\u00ebm si poeti i LIRIS\u00cb.<br \/>\nSot me kumtin e vargjeve t\u00eb tij ai frym\u00ebzon m\u00eb shum\u00eb se asnj\u00ebher\u00eb tjet\u00ebr p\u00ebr triumfin e fjal\u00ebs s\u00eb lir\u00eb dhe t\u00eb LIRIS\u00cb.<\/p>\n<p>O LIRI, O VDEKJE!<br \/>\nNGA Havzi Nela<br \/>\nNuk them se jam trim, jo as frikacak,<br \/>\nThell\u00eb n\u2019afshet e shpirtit m\u00eb grafllon guximi;<br \/>\nVdekja p\u00ebr liri nuk m\u00eb tremb aspak,<br \/>\nSi e duron robnin\u00eb zemra e nji trimi?<br \/>\nPse or pse t\u2019kem frik\u00eb, frik\u00eb se mos po vdes?!<br \/>\nOh, \u00e7far\u00eb marrie, ndoshta faj p\u00ebr mue!<br \/>\nT\u2019ec\u00ebsh zvarr\u00eb si krimb, t\u2019mos jesh kurr\u00eb serbes,<br \/>\nK\u00ebt\u00eb s\u2019ia fali vetes, kjo m\u00eb ban me u mendue.<br \/>\nPse t\u2019m\u00eb dhimbset jeta, pse u dashka kursye?<br \/>\nVe\u00e7 me p\u00ebrtyp\u00eb buk\u00ebn, me u rropat\u00eb si kal\u00eb?<br \/>\nPa nji fjal\u00eb ngushllimi, pa nji dit\u00eb lumnie,<br \/>\nUn\u00eb skllav i bindun, tash, kur s\u2019jam as djal\u00eb.<br \/>\nDeri kur durim, deri kur me shpres\u00eb?<br \/>\nJo, jo, mos m\u2019i thoni, k\u00ebto fjal\u00eb nuk i due.<br \/>\nMe durim e shpres\u00eb nuk due t\u00eb vdes.<br \/>\nSi jeta dhe vdekja duhen meritue.<br \/>\nS\u2019meriton asnjen\u00ebn kur mbetesh gur varri<br \/>\nNdaj rri e mendohem jet\u00ebs me i dhan\u00eb fund.<br \/>\nLe t\u00eb k\u00ebnaqet hasmi, le t\u00eb qesh\u00eb i marri!<br \/>\nLiria m\u00eb th\u00ebrret, vdekja nuk m\u00eb tund.<br \/>\nArr\u00ebn, nandor 1987<\/p>\n","protected":false},"excerpt":{"rendered":"<p>Kreu i Partis\u00eb s\u00eb Liris\u00eb Ilir Meta ka p\u00ebrkujtuar sot poetin Havzi Nela n\u00eb 34-vjetorin e vdekjes. Meta e cil\u00ebson simbol t\u00eb fjal\u00ebs s\u00eb lir\u00eb dhe dinjitetit njer\u00ebzor, duke theksuar se sot me kumtin e vargjeve t\u00eb tij ai frym\u00ebzon m\u00eb shum\u00eb se asnj\u00ebher\u00eb tjet\u00ebr p\u00ebr triumfin e fjal\u00ebs s\u00eb lir\u00eb dhe t\u00eb LIRIS\u00cb. POSTIMI &hellip;<\/p>\n","protected":false},"author":5,"featured_media":0,"comment_status":"open","ping_status":"open","sticky":false,"template":"","format":"standard","meta":{"footnotes":""},"categories":[37],"tags":[],"class_list":["post-20220","post","type-post","status-publish","format-standard","","category-politike"],"_links":{"self":[{"href":"https:\/\/rdnews.al\/index.php\/wp-json\/wp\/v2\/posts\/20220","targetHints":{"allow":["GET"]}}],"collection":[{"href":"https:\/\/rdnews.al\/index.php\/wp-json\/wp\/v2\/posts"}],"about":[{"href":"https:\/\/rdnews.al\/index.php\/wp-json\/wp\/v2\/types\/post"}],"author":[{"embeddable":true,"href":"https:\/\/rdnews.al\/index.php\/wp-json\/wp\/v2\/users\/5"}],"replies":[{"embeddable":true,"href":"https:\/\/rdnews.al\/index.php\/wp-json\/wp\/v2\/comments?post=20220"}],"version-history":[{"count":0,"href":"https:\/\/rdnews.al\/index.php\/wp-json\/wp\/v2\/posts\/20220\/revisions"}],"wp:attachment":[{"href":"https:\/\/rdnews.al\/index.php\/wp-json\/wp\/v2\/media?parent=20220"}],"wp:term":[{"taxonomy":"category","embeddable":true,"href":"https:\/\/rdnews.al\/index.php\/wp-json\/wp\/v2\/categories?post=20220"},{"taxonomy":"post_tag","embeddable":true,"href":"https:\/\/rdnews.al\/index.php\/wp-json\/wp\/v2\/tags?post=20220"}],"curies":[{"name":"wp","href":"https:\/\/api.w.org\/{rel}","templated":true}]}}