{"id":20289,"date":"2022-08-10T19:11:37","date_gmt":"2022-08-10T19:11:37","guid":{"rendered":"https:\/\/rdnews.al\/?p=20289"},"modified":"2022-08-10T19:11:37","modified_gmt":"2022-08-10T19:11:37","slug":"bedri-blloshmi-mbi-4-mije-te-vrare-nga-diktatura-nuk-kane-varr","status":"publish","type":"post","link":"https:\/\/rdnews.al\/index.php\/2022\/08\/10\/bedri-blloshmi-mbi-4-mije-te-vrare-nga-diktatura-nuk-kane-varr\/","title":{"rendered":"Bedri Blloshmi: Mbi 4 mij\u00eb t\u00eb vrar\u00eb nga diktatura nuk kan\u00eb varr"},"content":{"rendered":"<p>Duke folur n\u00eb tryez\u00ebn p\u00ebr t\u00eb kujtuar Haviz Nel\u00ebn dhe shkrimtar\u00ebt e vrar\u00eb n\u00eb diktatur\u00eb, Bedri Blloshmi, v\u00ebllai i Vilson Blloshmit k\u00ebrkoi q\u00eb k\u00ebto krime t\u00eb komunizmi t\u00eb futen n\u00eb librat shkollor.<\/p>\n<p>\u2018Shum\u00eb njer\u00ebz jan\u00eb d\u00ebnuar me nenin e terrorit. Ne edhe lug\u00ebn me t\u00eb cil\u00ebn hanim sup\u00ebn na e kishin dh\u00ebn\u00eb pa bisht. T\u00eb gjith\u00eb k\u00ebta shkrime, t\u00eb poet\u00ebve, duhen futur n\u00eb tekstet shkollore q\u00eb t\u00eb rinjt\u00eb t\u00eb m\u00ebsojn\u00eb se \u00e7far\u00eb ka ndodhur n\u00eb k\u00ebt\u00eb vend.<\/p>\n<p>Secili nga ne duhet t\u00eb ul\u00ebrij\u00eb p\u00ebr t\u00eb zbardhur krimet e komunizmit. Jan\u00eb 4 mij\u00eb e ca t\u00eb vrar\u00eb q\u00eb nuk kan\u00eb nj\u00eb varr, ku t\u00eb shkojn\u00eb t\u00eb qajn\u00eb t\u00eb af\u00ebrmit e tyre. Ju lutem merreni n\u00eb dor\u00eb k\u00ebt\u00eb, pasi ne jemi l\u00ebn\u00eb pasdore shum\u00eb koh\u00eb. Ju lutem shum\u00eb, mos e leni t\u00eb shembet ajo kulla jon\u00eb n\u00eb B\u00ebrzhest\u00eb. Jemi p\u00ebrpjekur p\u00ebr ta b\u00ebr\u00eb sht\u00ebpin\u00eb muze. B\u00ebjeni at\u00eb kull\u00eb q\u00eb t\u00eb jet\u00eb nj\u00eb shenj\u00eb e p\u00ebrjetshme\u2019, tha Bedri Blloshmi<\/p>\n","protected":false},"excerpt":{"rendered":"<p>Duke folur n\u00eb tryez\u00ebn p\u00ebr t\u00eb kujtuar Haviz Nel\u00ebn dhe shkrimtar\u00ebt e vrar\u00eb n\u00eb diktatur\u00eb, Bedri Blloshmi, v\u00ebllai i Vilson Blloshmit k\u00ebrkoi q\u00eb k\u00ebto krime t\u00eb komunizmi t\u00eb futen n\u00eb librat shkollor. \u2018Shum\u00eb njer\u00ebz jan\u00eb d\u00ebnuar me nenin e terrorit. Ne edhe lug\u00ebn me t\u00eb cil\u00ebn hanim sup\u00ebn na e kishin dh\u00ebn\u00eb pa bisht. T\u00eb &hellip;<\/p>\n","protected":false},"author":4,"featured_media":20290,"comment_status":"open","ping_status":"open","sticky":false,"template":"","format":"standard","meta":{"footnotes":""},"categories":[37],"tags":[],"class_list":["post-20289","post","type-post","status-publish","format-standard","has-post-thumbnail","","category-politike"],"_links":{"self":[{"href":"https:\/\/rdnews.al\/index.php\/wp-json\/wp\/v2\/posts\/20289","targetHints":{"allow":["GET"]}}],"collection":[{"href":"https:\/\/rdnews.al\/index.php\/wp-json\/wp\/v2\/posts"}],"about":[{"href":"https:\/\/rdnews.al\/index.php\/wp-json\/wp\/v2\/types\/post"}],"author":[{"embeddable":true,"href":"https:\/\/rdnews.al\/index.php\/wp-json\/wp\/v2\/users\/4"}],"replies":[{"embeddable":true,"href":"https:\/\/rdnews.al\/index.php\/wp-json\/wp\/v2\/comments?post=20289"}],"version-history":[{"count":0,"href":"https:\/\/rdnews.al\/index.php\/wp-json\/wp\/v2\/posts\/20289\/revisions"}],"wp:featuredmedia":[{"embeddable":true,"href":"https:\/\/rdnews.al\/index.php\/wp-json\/wp\/v2\/media\/20290"}],"wp:attachment":[{"href":"https:\/\/rdnews.al\/index.php\/wp-json\/wp\/v2\/media?parent=20289"}],"wp:term":[{"taxonomy":"category","embeddable":true,"href":"https:\/\/rdnews.al\/index.php\/wp-json\/wp\/v2\/categories?post=20289"},{"taxonomy":"post_tag","embeddable":true,"href":"https:\/\/rdnews.al\/index.php\/wp-json\/wp\/v2\/tags?post=20289"}],"curies":[{"name":"wp","href":"https:\/\/api.w.org\/{rel}","templated":true}]}}