{"id":20399,"date":"2022-08-12T10:36:47","date_gmt":"2022-08-12T10:36:47","guid":{"rendered":"https:\/\/rdnews.al\/?p=20399"},"modified":"2022-08-12T10:39:36","modified_gmt":"2022-08-12T10:39:36","slug":"berisha-largim-i-rames-dhe-zgjedhje-te-reja","status":"publish","type":"post","link":"https:\/\/rdnews.al\/index.php\/2022\/08\/12\/berisha-largim-i-rames-dhe-zgjedhje-te-reja\/","title":{"rendered":"Berisha: Largim i Ram\u00ebs dhe zgjedhje t\u00eb lira"},"content":{"rendered":"<p>Kryetari PD, Sali Berisha u pyet sot p\u00ebr deklarat\u00ebn e kreut t\u00eb Partis\u00eb s\u00eb Liris\u00eb, Ilir Meta i cili tha se n\u00eb shtator do t\u00eb nisin p\u00ebrgatitjet p\u00ebr Qeveri teknike.<\/p>\n<p>Sali Berisha: Nuk kemi diskutuar por teza jon\u00eb \u00ebsht\u00eb kjo: Q\u00eb Edi Rama duhet t\u00eb largohet nj\u00eb dit\u00eb e m\u00eb par\u00eb, pas largimit t\u00eb k\u00ebsaj qeverie, natyrisht detyra m\u00eb themelore \u00ebsht\u00eb pregatitja e zgjedhjeve t\u00eb lira dhe t\u00eb ndershme.<\/p>\n<p>A do ngarkohet nj\u00eb qeveri teknike apo si do quhet ajo, apo \u201cad hoc\u201d p\u00ebr t\u00eb p\u00ebrgatitur zgjedhjet \u00ebsht\u00eb dicka q\u00eb do vendosin forcat politike por largimi i Ram\u00ebs \u00ebsht\u00eb absolut.<\/p>\n","protected":false},"excerpt":{"rendered":"<p>Kryetari PD, Sali Berisha u pyet sot p\u00ebr deklarat\u00ebn e kreut t\u00eb Partis\u00eb s\u00eb Liris\u00eb, Ilir Meta i cili tha se n\u00eb shtator do t\u00eb nisin p\u00ebrgatitjet p\u00ebr Qeveri teknike. Sali Berisha: Nuk kemi diskutuar por teza jon\u00eb \u00ebsht\u00eb kjo: Q\u00eb Edi Rama duhet t\u00eb largohet nj\u00eb dit\u00eb e m\u00eb par\u00eb, pas largimit t\u00eb k\u00ebsaj &hellip;<\/p>\n","protected":false},"author":5,"featured_media":17783,"comment_status":"open","ping_status":"open","sticky":false,"template":"","format":"standard","meta":{"footnotes":""},"categories":[37],"tags":[],"class_list":["post-20399","post","type-post","status-publish","format-standard","has-post-thumbnail","","category-politike"],"_links":{"self":[{"href":"https:\/\/rdnews.al\/index.php\/wp-json\/wp\/v2\/posts\/20399","targetHints":{"allow":["GET"]}}],"collection":[{"href":"https:\/\/rdnews.al\/index.php\/wp-json\/wp\/v2\/posts"}],"about":[{"href":"https:\/\/rdnews.al\/index.php\/wp-json\/wp\/v2\/types\/post"}],"author":[{"embeddable":true,"href":"https:\/\/rdnews.al\/index.php\/wp-json\/wp\/v2\/users\/5"}],"replies":[{"embeddable":true,"href":"https:\/\/rdnews.al\/index.php\/wp-json\/wp\/v2\/comments?post=20399"}],"version-history":[{"count":0,"href":"https:\/\/rdnews.al\/index.php\/wp-json\/wp\/v2\/posts\/20399\/revisions"}],"wp:featuredmedia":[{"embeddable":true,"href":"https:\/\/rdnews.al\/index.php\/wp-json\/wp\/v2\/media\/17783"}],"wp:attachment":[{"href":"https:\/\/rdnews.al\/index.php\/wp-json\/wp\/v2\/media?parent=20399"}],"wp:term":[{"taxonomy":"category","embeddable":true,"href":"https:\/\/rdnews.al\/index.php\/wp-json\/wp\/v2\/categories?post=20399"},{"taxonomy":"post_tag","embeddable":true,"href":"https:\/\/rdnews.al\/index.php\/wp-json\/wp\/v2\/tags?post=20399"}],"curies":[{"name":"wp","href":"https:\/\/api.w.org\/{rel}","templated":true}]}}