{"id":20476,"date":"2022-08-15T09:03:08","date_gmt":"2022-08-15T09:03:08","guid":{"rendered":"https:\/\/rdnews.al\/?p=20476"},"modified":"2022-08-15T09:03:08","modified_gmt":"2022-08-15T09:03:08","slug":"denoncimi-dumani-le-qeline-per-te-bere-plazh-ne-golem-e-shoqeron-policia","status":"publish","type":"post","link":"https:\/\/rdnews.al\/index.php\/2022\/08\/15\/denoncimi-dumani-le-qeline-per-te-bere-plazh-ne-golem-e-shoqeron-policia\/","title":{"rendered":"Denoncimi: Dumani le qelin\u00eb p\u00ebr t\u00eb b\u00ebr\u00eb plazh n\u00eb Golem, e shoq\u00ebron policia"},"content":{"rendered":"<p>Kryetari i PD, Sali Berisha ka publikuar mesazhin e nj\u00eb qytetari, i cili shkruan se, i penduari i drejt\u00ebsis\u00eb, Nuredin Dumani \u00ebsht\u00eb par\u00eb n\u00eb plazhin e Golemit, gjat\u00eb mesnat\u00ebs s\u00eb djeshme. N\u00eb denoncimin e tij, qytetari jep me detaje edhe p\u00ebr veshjen e Dumanit dhe faktin se ishte i shoq\u00ebruar nga bashk\u00ebshortja.<\/p>\n<p><strong>Postimi i kreut t\u00eb PD, Berisha<\/strong><\/p>\n<p>Nuredin Dumani n\u00eb Golem. Qytetari dixhital informon pas mesnate!<\/p>\n<p>Lexoni mesazhin e tij. sb<\/p>\n<p>Mirmbrema Doktor Berisha me fal shume per shqetesimin ne kete ore te vone (ora ishte 12:30) por Nuredin Dumani ndodhej ne keto momente ne Golem tek Lokal Hotel Bonita I shoqeruar nga forcat e policise. Ne plazh ne mes turisteve. E shoqeruan nga ambjenti ku ishte pasi ne plazh u mbyll cdo lloj aktiviteti policia e mori nga aty.<\/p>\n<p>E pashe me syte e mi bashke me bashkeshorten ne keto momente. Me falni ju lutem per kete ore te vone! Me falni ju lutem se harrova kete detaj po ecte rrugeve si nje person normal pa pik frike dhe problemi me \u00e7ante ne krahe. Bluze te veshur me viza me kolore te theksuara.<\/p>\n","protected":false},"excerpt":{"rendered":"<p>Kryetari i PD, Sali Berisha ka publikuar mesazhin e nj\u00eb qytetari, i cili shkruan se, i penduari i drejt\u00ebsis\u00eb, Nuredin Dumani \u00ebsht\u00eb par\u00eb n\u00eb plazhin e Golemit, gjat\u00eb mesnat\u00ebs s\u00eb djeshme. N\u00eb denoncimin e tij, qytetari jep me detaje edhe p\u00ebr veshjen e Dumanit dhe faktin se ishte i shoq\u00ebruar nga bashk\u00ebshortja. Postimi i kreut &hellip;<\/p>\n","protected":false},"author":4,"featured_media":0,"comment_status":"open","ping_status":"open","sticky":false,"template":"","format":"standard","meta":{"footnotes":""},"categories":[40],"tags":[],"class_list":["post-20476","post","type-post","status-publish","format-standard","","category-aktualitet"],"_links":{"self":[{"href":"https:\/\/rdnews.al\/index.php\/wp-json\/wp\/v2\/posts\/20476","targetHints":{"allow":["GET"]}}],"collection":[{"href":"https:\/\/rdnews.al\/index.php\/wp-json\/wp\/v2\/posts"}],"about":[{"href":"https:\/\/rdnews.al\/index.php\/wp-json\/wp\/v2\/types\/post"}],"author":[{"embeddable":true,"href":"https:\/\/rdnews.al\/index.php\/wp-json\/wp\/v2\/users\/4"}],"replies":[{"embeddable":true,"href":"https:\/\/rdnews.al\/index.php\/wp-json\/wp\/v2\/comments?post=20476"}],"version-history":[{"count":0,"href":"https:\/\/rdnews.al\/index.php\/wp-json\/wp\/v2\/posts\/20476\/revisions"}],"wp:attachment":[{"href":"https:\/\/rdnews.al\/index.php\/wp-json\/wp\/v2\/media?parent=20476"}],"wp:term":[{"taxonomy":"category","embeddable":true,"href":"https:\/\/rdnews.al\/index.php\/wp-json\/wp\/v2\/categories?post=20476"},{"taxonomy":"post_tag","embeddable":true,"href":"https:\/\/rdnews.al\/index.php\/wp-json\/wp\/v2\/tags?post=20476"}],"curies":[{"name":"wp","href":"https:\/\/api.w.org\/{rel}","templated":true}]}}