{"id":20722,"date":"2022-08-17T08:46:26","date_gmt":"2022-08-17T08:46:26","guid":{"rendered":"https:\/\/rdnews.al\/?p=20722"},"modified":"2022-08-17T08:46:55","modified_gmt":"2022-08-17T08:46:55","slug":"kreu-i-nato-takime-te-ndara-me-kurtin-dhe-vucic-ne-bruksel","status":"publish","type":"post","link":"https:\/\/rdnews.al\/index.php\/2022\/08\/17\/kreu-i-nato-takime-te-ndara-me-kurtin-dhe-vucic-ne-bruksel\/","title":{"rendered":"Kreu i NATO, takime t\u00eb ndara me Kurtin dhe Vu\u00e7i\u00e7 n\u00eb Bruksel"},"content":{"rendered":"<p>Sekretari i P\u00ebrgjithsh\u00ebm i NATO-s, Jens Stoltenberg, pret t\u00eb m\u00ebrkur\u00ebn n\u00eb Bruksel lider\u00ebt e Kosov\u00ebs dhe Serbis\u00eb, n\u00eb koh\u00ebn kur zyrtar\u00ebt nga k\u00ebto dy shtete kan\u00eb ashp\u00ebrsuar retorik\u00ebn, pas ngritjes s\u00eb barrikadave n\u00eb veri tri jav\u00eb m\u00eb par\u00eb.<\/p>\n<p>Stoltenberg do t\u00eb zhvilloj\u00eb takime t\u00eb ndara me kryeministrin e Kosov\u00ebs, Albin Kurti, dhe presidentin e Serbis\u00eb, Aleksandar Vu\u00e7iq. Pas secilit takim, \u00ebsht\u00eb paralajm\u00ebruar se do t\u00eb ket\u00eb konferenc\u00eb p\u00ebr media, njofton Radio Evropa e Lir\u00eb.<\/p>\n<p>Fillimisht, Stoltenberg do t\u00eb zhvilloj\u00eb takim me Vu\u00e7iqin n\u00eb or\u00ebn 15:30, nd\u00ebrkaq takimi me Kurtin do t\u00eb zhvillohet n\u00eb or\u00ebn 17:00.<\/p>\n<p>Takimet n\u00eb selin\u00eb e NATO-s vijn\u00eb nj\u00eb dit\u00eb para se Kurti dhe Vu\u00e7iq, po n\u00eb Bruksel, do t\u00eb takohen p\u00ebr t\u00eb vazhduar dialogun midis Kosov\u00ebs dhe Serbis\u00eb, t\u00eb nd\u00ebrmjet\u00ebsuar nga Bashkimi Evropian.<\/p>\n<p>Takimet n\u00eb kryeqendr\u00ebn evropiane mbahen n\u00eb koh\u00ebn e rritjes s\u00eb tensioneve midis Kosov\u00ebs dhe Serbis\u00eb, pasi m\u00eb 31 korrik dhe 1 gusht, serb\u00ebt lokal\u00eb ngrit\u00ebn barrikada n\u00eb veri t\u00eb Kosov\u00ebs p\u00ebr t\u00eb kund\u00ebrshtuar dy vendime t\u00eb ekzekutivi t\u00eb udh\u00ebhequr nga Kurti.<\/p>\n<p>Vendimi i par\u00eb ka t\u00eb b\u00ebj\u00eb me l\u00ebshimin e dokumentit p\u00ebr hyrje-dalje p\u00ebr t\u00eb gjith\u00eb shtetasit e Serbis\u00eb, me t\u00eb hyr\u00eb n\u00eb territorin e Kosov\u00ebs. Dokument t\u00eb till\u00eb Serbia l\u00ebshon p\u00ebr shtetasit e Kosov\u00ebs qe 11 vjet.<\/p>\n<p>Nd\u00ebrkaq, vendimi i dyt\u00eb ka t\u00eb b\u00ebj\u00eb me riregjistrimin e makinave me targa t\u00eb l\u00ebshuara nga Serbia. Vler\u00ebsohet se 10.000 makina me targa me akronime t\u00eb Kosov\u00ebs, sikurse PZ, KM e t\u00eb ngjashme, qarkullojn\u00eb n\u00eb veriun e banuar me shumic\u00eb serbe. Prishtina i konsideron k\u00ebto targa ilegale.<\/p>\n<p>Misioni i NATO-s n\u00eb Kosov\u00eb, KFOR, m\u00eb 31 korrik tha se ishte i gatsh\u00ebm t\u00eb nd\u00ebrhynte n\u00ebse do t\u00eb rrezikohej stabiliteti, sipas mandatit q\u00eb derivon nga rezoluta 1244 e Kombeve t\u00eb Bashkuara.<\/p>\n<p>Q\u00ebndrim t\u00eb nj\u00ebjt\u00eb shprehu edhe Stoltenberg gjat\u00eb nj\u00eb bisede telefonike me Vu\u00e7iqin\u00a0m\u00eb 3 gusht.<\/p>\n<p>\u201cT\u00eb gjitha pal\u00ebt duhet t\u00eb angazhohen n\u00eb m\u00ebnyr\u00eb konstruktive n\u00eb dialogun e nd\u00ebrmjet\u00ebsuar nga Bashkimi Evropian dhe t\u00eb zgjidhin mospajtimet p\u00ebrmes diplomacis\u00eb\u201d, kishte th\u00ebn\u00eb Stoltenberg n\u00eb Twitter pas bised\u00ebs me Vu\u00e7iqin.<\/p>\n<p>Serb\u00ebt lokal\u00eb m\u00eb 31 dhe 1 gusht ngrit\u00ebn barrikada p\u00ebr t\u00eb kund\u00ebrshtuar dy vendimet e Qeveris\u00eb s\u00eb Kosov\u00ebs q\u00eb kan\u00eb t\u00eb b\u00ebjn\u00eb me targat dhe dokumentet serbe. Barrikadat u hoq\u00ebn pasditen e 1 gushtit dhe ekzekutivi u pajtua q\u00eb t\u00eb shtyj\u00eb zbatimin e vendimeve deri m\u00eb 1 shtator.<\/p>\n<p>Kryeministri Kurti deklaroi p\u00ebr Radion Evropa e Lir\u00eb m\u00eb 8 gusht se ka pasur rrezik q\u00eb tensionet n\u00eb veri t\u00eb p\u00ebrshkall\u00ebzoheshin n\u00eb konflikt t\u00eb armatosur. Ai ka faj\u00ebsuar Beogradin p\u00ebr rritjen e tensioneve.<\/p>\n<p>Ai po ashtu ka th\u00ebn\u00eb se deri te rritja e tensioneve erdhi si pasoj\u00eb e nj\u00eb fushate t\u00eb dezinformimit t\u00eb udh\u00ebhequr nga Serbia dhe u ka b\u00ebr\u00eb thirrje serb\u00ebve n\u00eb Kosov\u00eb q\u00eb t\u00eb mos bien pre e fushatave t\u00eb tilla.<\/p>\n<p>Nd\u00ebrkaq, n\u00eb Beograd, Vu\u00e7iq deklaroi disa dit\u00eb m\u00eb von\u00eb se kishte informacione p\u00ebr plane t\u00eb Prishtin\u00ebs p\u00ebr \u201clikuidimin\u201d e serb\u00ebve n\u00eb veri t\u00eb Kosov\u00ebs, teksa ka shtuar se Serbia \u00ebsht\u00eb p\u00ebr ruajtjen e paqes dhe stabilitetit.<\/p>\n<p>K\u00ebto deklarata u pan\u00eb\u00a0me shqet\u00ebsim nga Bashkimi Evropian\u00a0q\u00eb m\u00eb 14 gusht u b\u00ebri thirrje zyrtar\u00ebve n\u00eb Kosov\u00eb dhe Serbi t\u00eb ndalonin retorik\u00ebn nxit\u00ebse dhe tha se do t\u00eb mbaj\u00eb p\u00ebrgjegj\u00ebs lider\u00ebt \u201cp\u00ebr \u00e7far\u00ebdo p\u00ebrshkall\u00ebzimi t\u00eb situat\u00ebs n\u00eb rajon\u201d.<\/p>\n<p>P\u00ebrderisa, agjenda e takimeve mes shefit t\u00eb NATO-s dhe lider\u00ebve t\u00eb Kosov\u00ebs dhe Serbis\u00eb nuk dihet,\u00a0agjenda e rundit t\u00eb ri t\u00eb dialogut\u00a0\u00ebsht\u00eb b\u00ebr\u00eb publike.<\/p>\n<p><strong>Takim p\u00ebr uljen e tensioneve Kosov\u00eb-Serbi<\/strong><\/p>\n<p>Sipas njoftimit t\u00eb BE-s\u00eb, takimi Kurti-Vu\u00e7iq, do t\u00eb p\u00ebrqendrohet se si t\u00eb avancohet dialogu drejt nj\u00eb marr\u00ebveshjeje gjith\u00ebp\u00ebrfshir\u00ebse p\u00ebr normalizimin e raporteve. Po ashtu, m\u00ebtohet q\u00eb t\u00eb trajtohen \u00e7\u00ebshtjet aktuale q\u00eb kan\u00eb p\u00ebr synim zbutjen e tensioneve mes dy shtete.<\/p>\n<p>Kurti dhe Vu\u00e7iq nuk jan\u00eb takuar n\u00eb Bruksel q\u00eb nga korriku i vitit t\u00eb kaluar.<\/p>\n<p>Pal\u00ebt kan\u00eb q\u00ebndrime t\u00eb kund\u00ebrta sa i p\u00ebrket edhe p\u00ebrfundimit t\u00eb procesit dialogut t\u00eb nisur m\u00eb 2011. P\u00ebrderisa Kosova k\u00ebrkon q\u00eb procesi t\u00eb p\u00ebrmbyllet me nj\u00eb marr\u00ebveshje q\u00eb do t\u00eb p\u00ebrfshij\u00eb njohjen reciproke, Serbia synon nj\u00eb zgjidhje kompromisi.<\/p>\n","protected":false},"excerpt":{"rendered":"<p>Sekretari i P\u00ebrgjithsh\u00ebm i NATO-s, Jens Stoltenberg, pret t\u00eb m\u00ebrkur\u00ebn n\u00eb Bruksel lider\u00ebt e Kosov\u00ebs dhe Serbis\u00eb, n\u00eb koh\u00ebn kur zyrtar\u00ebt nga k\u00ebto dy shtete kan\u00eb ashp\u00ebrsuar retorik\u00ebn, pas ngritjes s\u00eb barrikadave n\u00eb veri tri jav\u00eb m\u00eb par\u00eb. Stoltenberg do t\u00eb zhvilloj\u00eb takime t\u00eb ndara me kryeministrin e Kosov\u00ebs, Albin Kurti, dhe presidentin e Serbis\u00eb, &hellip;<\/p>\n","protected":false},"author":4,"featured_media":20723,"comment_status":"open","ping_status":"open","sticky":false,"template":"","format":"standard","meta":{"footnotes":""},"categories":[38],"tags":[],"class_list":["post-20722","post","type-post","status-publish","format-standard","has-post-thumbnail","","category-bota"],"_links":{"self":[{"href":"https:\/\/rdnews.al\/index.php\/wp-json\/wp\/v2\/posts\/20722","targetHints":{"allow":["GET"]}}],"collection":[{"href":"https:\/\/rdnews.al\/index.php\/wp-json\/wp\/v2\/posts"}],"about":[{"href":"https:\/\/rdnews.al\/index.php\/wp-json\/wp\/v2\/types\/post"}],"author":[{"embeddable":true,"href":"https:\/\/rdnews.al\/index.php\/wp-json\/wp\/v2\/users\/4"}],"replies":[{"embeddable":true,"href":"https:\/\/rdnews.al\/index.php\/wp-json\/wp\/v2\/comments?post=20722"}],"version-history":[{"count":0,"href":"https:\/\/rdnews.al\/index.php\/wp-json\/wp\/v2\/posts\/20722\/revisions"}],"wp:featuredmedia":[{"embeddable":true,"href":"https:\/\/rdnews.al\/index.php\/wp-json\/wp\/v2\/media\/20723"}],"wp:attachment":[{"href":"https:\/\/rdnews.al\/index.php\/wp-json\/wp\/v2\/media?parent=20722"}],"wp:term":[{"taxonomy":"category","embeddable":true,"href":"https:\/\/rdnews.al\/index.php\/wp-json\/wp\/v2\/categories?post=20722"},{"taxonomy":"post_tag","embeddable":true,"href":"https:\/\/rdnews.al\/index.php\/wp-json\/wp\/v2\/tags?post=20722"}],"curies":[{"name":"wp","href":"https:\/\/api.w.org\/{rel}","templated":true}]}}