{"id":20746,"date":"2022-08-17T09:14:20","date_gmt":"2022-08-17T09:14:20","guid":{"rendered":"https:\/\/rdnews.al\/?p=20746"},"modified":"2022-08-17T09:14:20","modified_gmt":"2022-08-17T09:14:20","slug":"pse-rama-po-i-fal-detin-greqise-pazare-me-kompanite-greke-per-300-miliarde-euro-nafte-e-gaz","status":"publish","type":"post","link":"https:\/\/rdnews.al\/index.php\/2022\/08\/17\/pse-rama-po-i-fal-detin-greqise-pazare-me-kompanite-greke-per-300-miliarde-euro-nafte-e-gaz\/","title":{"rendered":"Pse Rama po i fal detin Greqis\u00eb? Pazare me kompanit\u00eb greke p\u00ebr 300 miliard\u00eb euro naft\u00eb e gaz"},"content":{"rendered":"<p>Nga Vlora, ku ishte n\u00eb nj\u00eb takim me strukturat e Partis\u00eb s\u00eb Liris\u00eb, Ilir Meta akuzoi Kryeministrin Rama se ka hyr\u00eb n\u00eb pazar me kompanit\u00eb q\u00eb kan\u00eb kryer investigime n\u00eb zonat e p\u00ebrbashk\u00ebta detare Shqip\u00ebri-Greqi.<\/p>\n<p>P\u00ebr shkak t\u00eb k\u00ebtyre pazareve, ish-Presidenti tha se Edi Rama \u00ebsht\u00eb b\u00ebr\u00eb avokat i Greqis\u00eb p\u00ebr \u00e7\u00ebshtjen e delimitimit dhe ka nd\u00ebrmarr\u00eb veprime q\u00eb d\u00ebmtojn\u00eb shtetin shqiptar.<\/p>\n<p>\u201cShikoni si e ka menaxhuar \u00e7\u00ebshtjen e detit me Greqin\u00eb, \u00e7\u00ebshtje q\u00eb do hapet fort\u00eb n\u00eb shtator. T\u00eb gjitha jan\u00eb n\u00eb d\u00ebm t\u00eb Shqip\u00ebris\u00eb. \u00cbsht\u00eb b\u00ebr\u00eb si avokat i pal\u00ebs tjet\u00ebr. K\u00ebt\u00eb e b\u00ebn jo se do t\u00eb rregulloj\u00eb marr\u00ebdh\u00ebniet me Greqin\u00eb, por i interesojn\u00eb pazaret q\u00eb ka b\u00ebr\u00eb me kompanit\u00eb e shpimit e t\u00eb k\u00ebrkimit t\u00eb naft\u00ebs e gazit, sepse jan\u00eb 300 miliard\u00eb euro atje e q\u00eb duhen ndahen n\u00eb m\u00ebnyr\u00eb t\u00eb barabart\u00eb mes dy vendeve.<\/p>\n<p>K\u00ebto kan\u00eb ndodhur se s\u2019ka pasur opozit\u00eb. Basha ishte i bler\u00eb. Drejt\u00ebsia sot nuk funksionon, por \u00ebsht\u00eb e bler\u00eb. Turp t\u00eb ken\u00eb t\u00eb gjith\u00eb ata q\u00eb i kan\u00eb djegur mandatet, PD e LSI, p\u00ebrfshir\u00eb edhe mikun tim Petrit Vasili. Un\u00eb s\u2019e kam djegur mandatin tim. Porosia ime ka qen\u00eb: n\u00eb asnj\u00eb m\u00ebnyr\u00eb, \u00ebsht\u00eb nj\u00eb loj\u00eb, \u00ebsht\u00eb nj\u00eb kurth. Un\u00eb s\u2019e l\u00ebshova zyr\u00ebn time\u201d, tha Meta.<\/p>\n<p>Nd\u00ebrkoh\u00eb, n\u00eb vijim t\u00eb fjal\u00ebs s\u00eb tij para strukturave, Meta tha se vendi \u00ebsht\u00eb p\u00ebrball\u00eb nj\u00eb rreziku t\u00eb madh, q\u00eb sipas tij i kanoset nga qeveria, ndaj duhet t\u00eb reagojn\u00eb. Nj\u00eb nga \u00e7\u00ebshtjet problematike q\u00eb ceku Meta n\u00eb Vlor\u00eb ishte porti i ri i Triportit, ku n\u00eb lidhje me k\u00ebt\u00eb i drejtoi disa pyetje qeveris\u00eb.<\/p>\n<p>\u201cA \u00ebsht\u00eb statusi i investitorit strategjik?<\/p>\n<p>Cila kompani e ka paraqitur? A parashikohet q\u00eb prona shqiptare t\u00eb lihet kolateral p\u00ebr marrjen hua n\u00eb banka? \u00c7far\u00eb masash garantuese jan\u00eb parashikuar p\u00ebr t\u00eb ndaluar sekuestrimin nga bankat shqiptare?<\/p>\n<p>Sa \u00ebsht\u00eb financimi i parashikuar i portit t\u00eb ri n\u00eb Triport dhe sa \u00ebsht\u00eb fondi? Do nd\u00ebrtohet me parat\u00eb e buxhetit t\u00eb shteti apo do t\u00eb merret nj\u00eb hua tjet\u00ebr? Dihet q\u00eb kjo \u00ebsht\u00eb qeveri armike e transparenc\u00ebs sepse \u00e7do investim serioz nuk duhet t\u2019i fshihet popullit.<\/p>\n<p>Interesi i k\u00ebsaj qeverie \u00ebsht\u00eb vet\u00ebm t\u00eb vjedh\u00eb. Jan\u00eb b\u00ebr\u00eb shum\u00eb investime n\u00eb Vlor\u00eb, shumica e t\u00eb cilave t\u00eb d\u00ebshtuara si ato rrug\u00ebt q\u00eb bie nj\u00eb ves\u00eb shi dhe b\u00ebhet Vlora si Venecia. Gjith\u00e7ka b\u00ebhet nga Tirana dhe askush nuk mban p\u00ebrgjegj\u00ebsi\u201d, tha ai.<\/p>\n<p>PARALAJM\u00cbRIMI<\/p>\n<p>Nd\u00ebrkaq, Meta u b\u00ebri thirrje an\u00ebtar\u00ebve t\u00eb PL q\u00eb t\u00eb b\u00ebhen gati, pasi sipas tij opozita ka ndryshuar dhe se zgjedhjet e p\u00ebrgjithshme mund t\u00eb jen\u00eb m\u00eb shpejt se ato lokalet.<\/p>\n<p>\u201cZgjedhjet lokale nuk i shtyjm\u00eb dot. Si at\u00ebher\u00eb q\u00eb nuk u regjistrua as Luli. Ky nuk \u00ebsht\u00eb nj\u00eb problem. Por mund t\u00eb ndodh\u00eb t\u00eb b\u00ebhen p\u00ebrpara ato t\u00eb p\u00ebrgjithshme. Duke qen\u00eb se nuk kemi p\u00ebrfaq\u00ebsues n\u00eb k\u00ebshillat bashkiak\u00eb, duhet t\u00eb nis\u00eb p\u00ebrpara kjo pun\u00eb p\u00ebr monitorimin e bashkis\u00eb. Problemet duhen ngritur n\u00eb opinion publik. Duhet t\u00eb ngren\u00eb edhe p\u00ebrfaq\u00ebsuesit e PL q\u00eb jan\u00eb t\u00eb preokupuar p\u00ebr qeverisjen e Vlor\u00ebs. Vlora ka nj\u00eb pesh\u00eb t\u00eb ve\u00e7ant\u00eb\u201d, tha Meta, nd\u00ebrkoh\u00eb q\u00eb b\u00ebri t\u00eb qart\u00eb se kushti kryesor i PL p\u00ebr koalicion \u00ebsht\u00eb referendumi.<\/p>\n<p>\u201cK\u00ebt\u00eb ka synim q\u00eb populli vendos mbi vendin e tij.<\/p>\n<p>Ne e kemi \u00e7\u00ebshtje t\u00eb par\u00eb dhe n\u00eb \u00e7do koalicion n\u00eb t\u00eb ardhmen. Kushti yn\u00eb \u00ebsht\u00eb: koalicion me ne, referendumi! Populli t\u00eb rimarr\u00eb kontrollin e vendit t\u00eb vet! Shqiptar\u00ebt jan\u00eb b\u00ebr\u00eb t\u00eb huaj n\u00eb vendin e vet. Partia e Liris\u00eb k\u00ebrkon q\u00eb populli shqiptar t\u00eb marr\u00eb kontrollin e vendit t\u00eb tij. Kam besim se do b\u00ebhemi m\u00eb t\u00eb p\u00ebrgjegjsh\u00ebm.<\/p>\n<p>Mos prisni t\u00eb na qaj\u00eb hallin, BE, Amerika e Gjermania. Ata kan\u00eb hallet e veta. Kur ngrihet populli, ata thon\u00eb q\u00eb jemi me popullin. Kur populli nuk ngrihet, mos mendoni se dikush do rrij\u00eb pa gjum\u00eb p\u00ebr f\u00ebmij\u00ebt tuaj apo f\u00ebmij\u00ebt tan\u00eb. Ne do ta ngrem\u00eb popullin\u201d, tha Meta.<\/p>\n<p>Sakaq, kreu i PL ka ironizuar edhe deputet\u00ebt e PD-s\u00eb q\u00eb jan\u00eb n\u00eb mb\u00ebshtetje t\u00eb Alibeajt.<\/p>\n<p>\u201cZhvillimet do t\u00eb jen\u00eb t\u00eb forta dhe t\u00eb shpejta. Ne duhet t\u00eb jemi t\u00eb p\u00ebrgatitur t\u00eb mbajm\u00eb pesh\u00ebn q\u00eb na takon n\u00eb k\u00ebt\u00eb proces. Paniku nga ana tyre \u00ebsht\u00eb i qart\u00eb derisa shpikin budallall\u00ebqe p\u00ebr sekretar partie e tij. Sikur nuk e dinin k\u00ebta t\u00eb PD-s\u00eb q\u00eb b\u00ebnte Saliu ministra, nuk e dinin q\u00eb Saliu ka qen\u00eb sekretar partie. Por tani q\u00eb i futi ky tek incenerator\u00ebt dhe te porti i Durr\u00ebsit, tani u kujtuan q\u00eb Saliu ka qen\u00eb sekretar partie\u201d, tha ai.<\/p>\n<p>MARIGLEN KUME<\/p>\n","protected":false},"excerpt":{"rendered":"<p>Nga Vlora, ku ishte n\u00eb nj\u00eb takim me strukturat e Partis\u00eb s\u00eb Liris\u00eb, Ilir Meta akuzoi Kryeministrin Rama se ka hyr\u00eb n\u00eb pazar me kompanit\u00eb q\u00eb kan\u00eb kryer investigime n\u00eb zonat e p\u00ebrbashk\u00ebta detare Shqip\u00ebri-Greqi. P\u00ebr shkak t\u00eb k\u00ebtyre pazareve, ish-Presidenti tha se Edi Rama \u00ebsht\u00eb b\u00ebr\u00eb avokat i Greqis\u00eb p\u00ebr \u00e7\u00ebshtjen e delimitimit dhe &hellip;<\/p>\n","protected":false},"author":5,"featured_media":0,"comment_status":"open","ping_status":"open","sticky":false,"template":"","format":"standard","meta":{"footnotes":""},"categories":[37],"tags":[],"class_list":["post-20746","post","type-post","status-publish","format-standard","","category-politike"],"_links":{"self":[{"href":"https:\/\/rdnews.al\/index.php\/wp-json\/wp\/v2\/posts\/20746","targetHints":{"allow":["GET"]}}],"collection":[{"href":"https:\/\/rdnews.al\/index.php\/wp-json\/wp\/v2\/posts"}],"about":[{"href":"https:\/\/rdnews.al\/index.php\/wp-json\/wp\/v2\/types\/post"}],"author":[{"embeddable":true,"href":"https:\/\/rdnews.al\/index.php\/wp-json\/wp\/v2\/users\/5"}],"replies":[{"embeddable":true,"href":"https:\/\/rdnews.al\/index.php\/wp-json\/wp\/v2\/comments?post=20746"}],"version-history":[{"count":0,"href":"https:\/\/rdnews.al\/index.php\/wp-json\/wp\/v2\/posts\/20746\/revisions"}],"wp:attachment":[{"href":"https:\/\/rdnews.al\/index.php\/wp-json\/wp\/v2\/media?parent=20746"}],"wp:term":[{"taxonomy":"category","embeddable":true,"href":"https:\/\/rdnews.al\/index.php\/wp-json\/wp\/v2\/categories?post=20746"},{"taxonomy":"post_tag","embeddable":true,"href":"https:\/\/rdnews.al\/index.php\/wp-json\/wp\/v2\/tags?post=20746"}],"curies":[{"name":"wp","href":"https:\/\/api.w.org\/{rel}","templated":true}]}}