{"id":20766,"date":"2022-08-17T09:38:35","date_gmt":"2022-08-17T09:38:35","guid":{"rendered":"https:\/\/rdnews.al\/?p=20766"},"modified":"2022-08-17T09:38:35","modified_gmt":"2022-08-17T09:38:35","slug":"biden-betohet-te-luftoje-ndryshimet-e-klimes","status":"publish","type":"post","link":"https:\/\/rdnews.al\/index.php\/2022\/08\/17\/biden-betohet-te-luftoje-ndryshimet-e-klimes\/","title":{"rendered":"Biden betohet t\u00eb luftoj\u00eb ndryshimet e klim\u00ebs"},"content":{"rendered":"<p>Presidenti i SHBA-ve Joe Biden ka n\u00ebnshkruar nj\u00eb projekt-ligj prej 700 miliard\u00eb dollar\u00ebsh, q\u00eb synon t\u00eb luftoj\u00eb ndryshimet klimatike dhe kostot e kujdesit sh\u00ebndet\u00ebsor duke rritur taksat kryesisht p\u00ebr t\u00eb pasurit.<\/p>\n<p>Projektligji p\u00ebrfshin masat p\u00ebr t\u00eb ulur \u00e7mimin e barnave me recet\u00eb.<\/p>\n<p>Sipas nj\u00eb zyrtari t\u00eb administrat\u00ebs s\u00eb Biden, projektligji mund t\u00eb jap\u00eb nj\u00eb shtys\u00eb p\u00ebrpara zgjedhjeve afatmesme.<\/p>\n<p>Votuesit q\u00eb do t\u00eb votojn\u00eb n\u00eb n\u00ebntor do t\u00eb vendosin n\u00ebse demokrat\u00ebt e Biden do t\u00eb mbajn\u00eb kontrollin e Kongresit edhe p\u00ebr dy vjet t\u00eb tjera.<\/p>\n<p>Presidenti e p\u00ebrsh\u00ebndeti projektligjin nd\u00ebrsa e n\u00ebnshkroi t\u00eb mart\u00ebn si \u201cpjesa e fundit\u201d e agjend\u00ebs s\u00eb tij t\u00eb brendshme, shkruan BBC.<\/p>\n<p>Projektligji, i quajtur \u201cAkti i Reduktimit t\u00eb Inflacionit\u201d, \u00ebsht\u00eb nj\u00eb arritje e madhe legjislative p\u00ebr demokrat\u00ebt ku p\u00ebrfshihet paketa m\u00eb e madhe klimatike n\u00eb historin\u00eb e<\/p>\n<p>SHBA-s\u00eb dhe b\u00ebhet menj\u00ebher\u00eb nj\u00eb nga element\u00ebt ky\u00e7 t\u00eb presidenc\u00ebs s\u00eb tij dyvje\u00e7are.<\/p>\n<p>Ajo kaloi n\u00eb votim si n\u00eb Dhom\u00ebn e P\u00ebrfaq\u00ebsuesve ashtu edhe n\u00eb Senatin jav\u00ebn e kaluar me mb\u00ebshtetjen e \u00e7do demokrati por t\u00eb asnj\u00eb republikani.<br \/>\nN\u00eb k\u00ebt\u00eb paket\u00eb p\u00ebrfshihen masa t\u00eb dizajnuara p\u00ebr t\u00eb mb\u00ebshtetur alternativat e energjis\u00eb me emetim t\u00eb ul\u00ebt dhe p\u00ebr t\u00eb ulur emetimet e gazrave serr\u00eb, si dhe p\u00ebr t\u00eb ulur \u00e7mimet e barnave me recet\u00eb dhe p\u00ebr t\u00eb rritur taksat ndaj korporatave dhe t\u00eb pasurve.<\/p>\n<p>Legjislacioni do t\u00eb mbledh\u00eb rreth 700 miliard\u00eb dollar\u00eb n\u00ebp\u00ebrmjet rritjes s\u00eb taksave t\u00eb korporatave dhe kursimeve t\u00eb barnave me recet\u00eb, dhe do t\u00eb shpenzoj\u00eb rreth 400 miliard\u00eb dollar\u00eb p\u00ebr energjin\u00eb e past\u00ebr dhe dispozitat e kujdesit sh\u00ebndet\u00ebsor.<\/p>\n<p>Biden u kthye shkurtimisht nga pushimet p\u00ebr t\u00eb n\u00ebnshkruar projektligjin, i cili u miratua sipas linjave partiake pa asnj\u00eb mb\u00ebshtetje nga republikan\u00ebt e opozit\u00ebs.<\/p>\n","protected":false},"excerpt":{"rendered":"<p>Presidenti i SHBA-ve Joe Biden ka n\u00ebnshkruar nj\u00eb projekt-ligj prej 700 miliard\u00eb dollar\u00ebsh, q\u00eb synon t\u00eb luftoj\u00eb ndryshimet klimatike dhe kostot e kujdesit sh\u00ebndet\u00ebsor duke rritur taksat kryesisht p\u00ebr t\u00eb pasurit. Projektligji p\u00ebrfshin masat p\u00ebr t\u00eb ulur \u00e7mimin e barnave me recet\u00eb. Sipas nj\u00eb zyrtari t\u00eb administrat\u00ebs s\u00eb Biden, projektligji mund t\u00eb jap\u00eb nj\u00eb shtys\u00eb &hellip;<\/p>\n","protected":false},"author":5,"featured_media":20767,"comment_status":"open","ping_status":"open","sticky":false,"template":"","format":"standard","meta":{"footnotes":""},"categories":[38],"tags":[],"class_list":["post-20766","post","type-post","status-publish","format-standard","has-post-thumbnail","","category-bota"],"_links":{"self":[{"href":"https:\/\/rdnews.al\/index.php\/wp-json\/wp\/v2\/posts\/20766","targetHints":{"allow":["GET"]}}],"collection":[{"href":"https:\/\/rdnews.al\/index.php\/wp-json\/wp\/v2\/posts"}],"about":[{"href":"https:\/\/rdnews.al\/index.php\/wp-json\/wp\/v2\/types\/post"}],"author":[{"embeddable":true,"href":"https:\/\/rdnews.al\/index.php\/wp-json\/wp\/v2\/users\/5"}],"replies":[{"embeddable":true,"href":"https:\/\/rdnews.al\/index.php\/wp-json\/wp\/v2\/comments?post=20766"}],"version-history":[{"count":0,"href":"https:\/\/rdnews.al\/index.php\/wp-json\/wp\/v2\/posts\/20766\/revisions"}],"wp:featuredmedia":[{"embeddable":true,"href":"https:\/\/rdnews.al\/index.php\/wp-json\/wp\/v2\/media\/20767"}],"wp:attachment":[{"href":"https:\/\/rdnews.al\/index.php\/wp-json\/wp\/v2\/media?parent=20766"}],"wp:term":[{"taxonomy":"category","embeddable":true,"href":"https:\/\/rdnews.al\/index.php\/wp-json\/wp\/v2\/categories?post=20766"},{"taxonomy":"post_tag","embeddable":true,"href":"https:\/\/rdnews.al\/index.php\/wp-json\/wp\/v2\/tags?post=20766"}],"curies":[{"name":"wp","href":"https:\/\/api.w.org\/{rel}","templated":true}]}}