{"id":20793,"date":"2022-08-17T10:22:36","date_gmt":"2022-08-17T10:22:36","guid":{"rendered":"https:\/\/rdnews.al\/?p=20793"},"modified":"2022-08-17T10:40:21","modified_gmt":"2022-08-17T10:40:21","slug":"73-vjet-nga-masakra-e-qafe-valmirit-berisha-nje-nga-aktet-me-te-shemtuara-te-genocidit-komunist","status":"publish","type":"post","link":"https:\/\/rdnews.al\/index.php\/2022\/08\/17\/73-vjet-nga-masakra-e-qafe-valmirit-berisha-nje-nga-aktet-me-te-shemtuara-te-genocidit-komunist\/","title":{"rendered":"73-vjet nga masakra e Qaf\u00eb Valmirit, Berisha: Nj\u00eb nga aktet m\u00eb t\u00eb sh\u00ebmtuara t\u00eb genocidit komunist"},"content":{"rendered":"<div class=\"kvgmc6g5 cxmmr5t8 oygrvhab hcukyx3x c1et5uql ii04i59q\">\n<div dir=\"auto\">Sot, 73-vjetori i masakr\u00ebs s\u00eb Qaf\u00eb Valmirit!<\/div>\n<\/div>\n<div class=\"cxmmr5t8 oygrvhab hcukyx3x c1et5uql o9v6fnle ii04i59q\">\n<div dir=\"auto\"><\/div>\n<div dir=\"auto\">T\u00eb dashur miq, m\u00eb 17 gusht t\u00eb vitit 1949, me urdh\u00ebr t\u00eb xhelatit, vras\u00ebsit serial, ministrit t\u00eb Brendsh\u00ebm t\u00eb koh\u00ebs Mehmet Shehu dhe direkt kryexhelatit Enver Hoxha u ekzekutuan n\u00eb Qaf\u00eb Valmir, 14 burra t\u00eb pafajsh\u00ebm, si akt hakmarrjeje primitive p\u00ebr vrasjen e sekretarit t\u00eb par\u00eb t\u00eb Mirdit\u00ebs, Bardhok Biba me t\u00eb cilin asnj\u00ebri prej k\u00ebtyre martir\u00ebve nuk kishte asnj\u00eb lidhje. Ata u d\u00ebnuan pa asnj\u00eb prov\u00eb apo fakt, por vet\u00ebm si anti-komunist nga gjykat\u00ebsi xhelat Bilbil Klosi. Martir\u00ebt e Qaf\u00eb Valmirit u detyruan ta hapin vet\u00eb varrin, grop\u00ebn e p\u00ebrbashk\u00ebt. Dhjet\u00eb prej tyre u pushkatuan, kurse kat\u00ebr prej tyre u var\u00ebn n\u00eb litar p\u00ebrpara qindra mirditor\u00ebve t\u00eb grumbulluar me detyrim, p\u00ebr t\u00eb qen\u00eb t\u00eb pranish\u00ebm n\u00eb aktin e masakr\u00ebs, me q\u00ebllimin ogurzi p\u00ebr t\u2019i terrorizuar ata dhe mbar\u00eb Mirdit\u00ebn.<\/div>\n<\/div>\n<div class=\"cxmmr5t8 oygrvhab hcukyx3x c1et5uql o9v6fnle ii04i59q\">\n<div dir=\"auto\"><\/div>\n<div dir=\"auto\">K\u00ebshtu si sot, 73 vite m\u00eb par\u00eb u pushkatuan ose u var\u00ebn martir\u00ebt e demokracis\u00eb, pasardh\u00ebs t\u00eb familjeve m\u00eb t\u00eb mira t\u00eb Mirdit\u00ebs:<\/div>\n<\/div>\n<div class=\"cxmmr5t8 oygrvhab hcukyx3x c1et5uql o9v6fnle ii04i59q\">\n<div dir=\"auto\"><\/div>\n<div dir=\"auto\">1. Preng Ded Gjomarkaj-Orosh, varet n\u00eb litar.<\/div>\n<div dir=\"auto\">2. Pjet\u00ebr D. Vila-Ka\u00e7inar, varet n\u00eb litar.<\/div>\n<div dir=\"auto\">3. Dod\u00eb Mark Biba-Kthell\u00eb e Ep\u00ebr, varet n\u00eb litar<\/div>\n<div dir=\"auto\">4. Pjet\u00ebr Paloka-Ka\u00e7inar, varet n\u00eb litar<\/div>\n<div dir=\"auto\">5. Nikoll\u00eb Bardhok Bajraktari-Rr\u00ebshen, pushkatohet.<\/div>\n<div dir=\"auto\">6. Llesh Gjon Melyshi-Malaj, pushkatohet.<\/div>\n<div dir=\"auto\">7. Nikoll Llesh Bajraktari-Orosh, pushkatohet.<\/div>\n<div dir=\"auto\">8. Ndrec\u00eb Mark Ndoj-Ka\u00e7inar, pushkatohet.<\/div>\n<div dir=\"auto\">9. Bardhok Dod\u00eb Gjini-Prosek, pushkatohet.<\/div>\n<div dir=\"auto\">10. Gjok Gjin Ka\u00e7i-Bukmir\u00eb, pushkatohet.<\/div>\n<div dir=\"auto\">11. Gjergj Beleshi-Kthell\u00eb e Ep\u00ebr, vritet p\u00ebr t\u00eb v\u00ebllan\u00eb, Dod\u00ebn.<\/div>\n<div dir=\"auto\">12. Ndoc Gjet Cupi-Blinisht, pushkatohet.<\/div>\n<div dir=\"auto\">13. Preng Shkurt Nikolli-Orosh, pushkatohet.<\/div>\n<div dir=\"auto\">14. Frrok Mata-Ka\u00e7inar, pushkatohet.<\/div>\n<\/div>\n<div class=\"cxmmr5t8 oygrvhab hcukyx3x c1et5uql o9v6fnle ii04i59q\">\n<div dir=\"auto\">Pas k\u00ebsaj masakre qindra mirditor\u00eb, burra, gra, f\u00ebmij\u00eb dhe t\u00eb moshuar u burgos\u00ebn dhe internuan n\u00eb kampet e p\u00ebrq\u00ebndrimit t\u00eb regjimit.<\/div>\n<\/div>\n<div class=\"cxmmr5t8 oygrvhab hcukyx3x c1et5uql o9v6fnle ii04i59q\">\n<div dir=\"auto\"><\/div>\n<div dir=\"auto\">T\u00eb dashur miq!<\/div>\n<\/div>\n<div class=\"cxmmr5t8 oygrvhab hcukyx3x c1et5uql o9v6fnle ii04i59q\">\n<div dir=\"auto\">Masakra e Qaf\u00eb Valmirit \u00ebsht\u00eb nj\u00eb nga aktet terroriste m\u00eb t\u00eb sh\u00ebmtuara t\u00eb krimeve kund\u00ebr njer\u00ebzimit dhe genocidit komunist t\u00eb regjimit t\u00eb Enver Hoxh\u00ebs, Hitlerit shqiptar t\u00eb pas Luft\u00ebs s\u00eb Dyte Bot\u00ebrore, \u00ebsht\u00eb nj\u00eb nga hakmarrjet m\u00eb t\u00eb verbra dhe m\u00eb primitive, q\u00eb kishte p\u00ebr q\u00ebllim shtypjen e rezistenc\u00ebs s\u00eb pamposhtur anti-komuniste t\u00eb Mirdit\u00ebs. Duke u p\u00ebrulur me nderimin m\u00eb t\u00eb thell\u00eb para kujtimit t\u00eb ndritur t\u00eb martir\u00ebve mirditor\u00eb t\u00eb Qaf\u00eb Valmirit, q\u00eb ran\u00eb p\u00ebr t\u2019u b\u00ebr\u00eb t\u00eb pavdeksh\u00ebm nga akt-hakmarrja e eg\u00ebr, d\u00ebnoj me ashp\u00ebrsin\u00eb m\u00eb t\u00eb madhe k\u00ebt\u00eb krim makab\u00ebr t\u00eb kryexhelat\u00ebve t\u00eb popullit shqiptar, Hoxha Shehu, por edhe heshtjen q\u00eb mbajn\u00eb ndaj k\u00ebtyre krimeve t\u00eb tmerrshme sot, Edi Rama dhe pasardh\u00ebsit e tyre n\u00eb pushtet.<\/div>\n<\/div>\n<div class=\"cxmmr5t8 oygrvhab hcukyx3x c1et5uql o9v6fnle ii04i59q\">\n<div dir=\"auto\"><\/div>\n<div dir=\"auto\">Nderim p\u00ebrjet\u00eb martir\u00ebve t\u00eb Qaf\u00eb Valmirit. sb<\/div>\n<\/div>\n","protected":false},"excerpt":{"rendered":"<p>Sot, 73-vjetori i masakr\u00ebs s\u00eb Qaf\u00eb Valmirit! T\u00eb dashur miq, m\u00eb 17 gusht t\u00eb vitit 1949, me urdh\u00ebr t\u00eb xhelatit, vras\u00ebsit serial, ministrit t\u00eb Brendsh\u00ebm t\u00eb koh\u00ebs Mehmet Shehu dhe direkt kryexhelatit Enver Hoxha u ekzekutuan n\u00eb Qaf\u00eb Valmir, 14 burra t\u00eb pafajsh\u00ebm, si akt hakmarrjeje primitive p\u00ebr vrasjen e sekretarit t\u00eb par\u00eb t\u00eb Mirdit\u00ebs, &hellip;<\/p>\n","protected":false},"author":4,"featured_media":18984,"comment_status":"open","ping_status":"open","sticky":false,"template":"","format":"standard","meta":{"footnotes":""},"categories":[37],"tags":[],"class_list":["post-20793","post","type-post","status-publish","format-standard","has-post-thumbnail","","category-politike"],"_links":{"self":[{"href":"https:\/\/rdnews.al\/index.php\/wp-json\/wp\/v2\/posts\/20793","targetHints":{"allow":["GET"]}}],"collection":[{"href":"https:\/\/rdnews.al\/index.php\/wp-json\/wp\/v2\/posts"}],"about":[{"href":"https:\/\/rdnews.al\/index.php\/wp-json\/wp\/v2\/types\/post"}],"author":[{"embeddable":true,"href":"https:\/\/rdnews.al\/index.php\/wp-json\/wp\/v2\/users\/4"}],"replies":[{"embeddable":true,"href":"https:\/\/rdnews.al\/index.php\/wp-json\/wp\/v2\/comments?post=20793"}],"version-history":[{"count":0,"href":"https:\/\/rdnews.al\/index.php\/wp-json\/wp\/v2\/posts\/20793\/revisions"}],"wp:featuredmedia":[{"embeddable":true,"href":"https:\/\/rdnews.al\/index.php\/wp-json\/wp\/v2\/media\/18984"}],"wp:attachment":[{"href":"https:\/\/rdnews.al\/index.php\/wp-json\/wp\/v2\/media?parent=20793"}],"wp:term":[{"taxonomy":"category","embeddable":true,"href":"https:\/\/rdnews.al\/index.php\/wp-json\/wp\/v2\/categories?post=20793"},{"taxonomy":"post_tag","embeddable":true,"href":"https:\/\/rdnews.al\/index.php\/wp-json\/wp\/v2\/tags?post=20793"}],"curies":[{"name":"wp","href":"https:\/\/api.w.org\/{rel}","templated":true}]}}