{"id":20975,"date":"2022-08-18T18:08:48","date_gmt":"2022-08-18T18:08:48","guid":{"rendered":"https:\/\/rdnews.al\/?p=20975"},"modified":"2022-08-18T18:08:48","modified_gmt":"2022-08-18T18:08:48","slug":"perfundon-takimi-kurti-vucic-ne-bruksel-ska-marreveshje-per-dokumentet-dhe-targat","status":"publish","type":"post","link":"https:\/\/rdnews.al\/index.php\/2022\/08\/18\/perfundon-takimi-kurti-vucic-ne-bruksel-ska-marreveshje-per-dokumentet-dhe-targat\/","title":{"rendered":"P\u00ebrfundon takimi Kurti-Vu\u00e7i\u00e7 n\u00eb Bruksel, s\u2019ka marr\u00ebveshje p\u00ebr dokumentet dhe targat"},"content":{"rendered":"<p>N\u00eb Bruksel ka p\u00ebrfunduar rundi i par\u00eb i takimit trepal\u00ebsh midis kryeministrit t\u00eb Kosov\u00ebs, Albin Kurti, dhe presidentit t\u00eb Serbis\u00eb, Aleksandar Vu\u00e7iq, me nd\u00ebrmjet\u00ebsimin e Bashkimit Evropian.<\/p>\n<p>Si\u00e7 m\u00ebson Radio Evropa e Lir\u00eb do t\u00eb ket\u00eb takime dypal\u00ebshe midis lider\u00ebve t\u00eb Kosov\u00ebs dhe Serbis\u00eb me nd\u00ebrmjet\u00ebsuesit e BE-s\u00eb, me q\u00ebllim q\u00eb lider\u00ebt t\u00eb takohen s\u00ebrish gjat\u00eb dit\u00ebs.<\/p>\n<p>N\u00eb nd\u00ebrtes\u00ebn e BE-s\u00eb ku po zhvillohet dialogu ka arritur edhe i d\u00ebrguari i Shteteve t\u00eb Bashkuara p\u00ebr Ballkanin Per\u00ebndimor, Gabriel Escobar.<\/p>\n<p>Kujtojm\u00eb se pala amerikane nuk merr pjes\u00eb n\u00eb dialog, por SHBA-ja mb\u00ebshtet plot\u00ebsisht p\u00ebrpjekjet e BE-s\u00eb n\u00eb procesin e normalizimit t\u00eb marr\u00ebdh\u00ebnieve nd\u00ebrmjet Serbis\u00eb dhe Kosov\u00ebs.<\/p>\n<p><em>Pamje nga nisja e takimit midis kryeministrit t\u00eb Kosov\u00ebs, Albin Kurti, dhe presidentit t\u00eb Serbis\u00eb, Aleksandar Vu\u00e7iq, me nd\u00ebrmjet\u00ebsimin e BE-s\u00eb. Bruksel, 18 gusht 2022.<\/em><\/p>\n<p><strong>Borrell pret fleksibilitet nga Kosova dhe Serbia<\/strong><\/p>\n<p>Nd\u00ebrkaq, p\u00ebrfaq\u00ebsuesi i Lart\u00eb i Bashkimit Evropian, Josep Borrell, m\u00eb her\u00ebt gjat\u00eb 18 gushtit tha se \u00ebsht\u00eb koha q\u00eb Kosova dhe Serbia t\u00eb l\u00ebvizin drejt normalizimit t\u00eb plot\u00eb t\u00eb marr\u00ebdh\u00ebnieve, teksa pal\u00ebt po takohen n\u00eb Bruksel n\u00eb rundin e ri t\u00eb dialogut.<\/p>\n<p>\u201cTensionet e fundit n\u00eb veri t\u00eb Kosov\u00ebs kan\u00eb d\u00ebshmuar s\u00ebrish se \u00ebsht\u00eb koha t\u00eb l\u00ebvizim drejt normalizimit t\u00eb plot\u00eb. Pres q\u00eb t\u00eb dy lider\u00ebt t\u00eb jen\u00eb fleksibil dhe t\u00eb gjejn\u00eb gjuh\u00eb t\u00eb p\u00ebrbashk\u00ebt\u201d, shkroi Borrell n\u00eb Twitter.<\/p>\n<p>Ky reagim i tij erdhi pasi ai zhvilloi takime t\u00eb ndara me kryeministrin e Kosov\u00ebs, Albin Kurti, dhe me presidentin e Serbis\u00eb, Aleksandar Vu\u00e7iq, q\u00eb u pasua me takimin trepal\u00ebsh.<\/p>\n<p>Takimi i 18 gushtit sh\u00ebnon her\u00ebn e tret\u00eb q\u00eb kryeministri i Kosov\u00ebs, Albin Kurti dhe presidenti serb, Aleksandar Vu\u00e7iq negociojn\u00eb n\u00eb Bruksel, n\u00eb kuad\u00ebr t\u00eb dialogut q\u00eb nd\u00ebrmjet\u00ebson Bashkimi Evropian.<\/p>\n<p>Nd\u00ebrkaq, presidenti serb Vu\u00e7iq tha se ka shpres\u00eb se do t\u00eb arrihet ndonj\u00eb zgjidhje, por shtoi se \u00ebsht\u00eb \u201cskeptik\u201d.<\/p>\n<p>Pas k\u00ebtij takimit trepal\u00ebsh, mund t\u00eb ket\u00eb p\u00ebrs\u00ebri takime dypal\u00ebshe, sipas nevoj\u00ebs.<\/p>\n<p>N\u00eb faqen zyrtare t\u00eb Bashkimit Evropian\u00a0m\u00eb her\u00ebt \u00ebsht\u00eb b\u00ebr\u00eb e ditur se takimi trepal\u00ebsh do t\u00eb fokusohet n\u00eb rrug\u00ebn p\u00ebrpara n\u00eb dialog dhe arritjen e nj\u00eb marr\u00ebveshjeje gjith\u00ebp\u00ebrfshir\u00ebse t\u00eb normalizimit t\u00eb marr\u00ebdh\u00ebnieve mes Kosov\u00ebs dhe Serbis\u00eb.<\/p>\n<p>Sipas njoftimit, gjat\u00eb takimit do t\u00eb trajtohen \u00e7\u00ebshtjet aktuale dhe do t\u00eb synohet zbutja e tensioneve mes pal\u00ebve.<\/p>\n<p>Kurti dhe Vu\u00e7iq jan\u00eb takuar dy her\u00eb vitin e kaluar, por pa ndonj\u00eb rezultat konkret.<\/p>\n<p>Takimin e s\u00eb enjtes e ka k\u00ebrkuar kryediplomati i Bashkimit Evropian, Josep Borrell, pas rritjes s\u00eb tensioneve n\u00eb veri t\u00eb Kosov\u00ebs, m\u00eb 31 korrik.<\/p>\n<p>P\u00ebrderisa n\u00eb Bruksel po mbahen takime, n\u00eb Mitrovic\u00ebn e Veriut t\u00eb banuar me shumic\u00eb serbe, jan\u00eb par\u00eb disa grafite me porosin\u00eb \u201cMos u shqet\u00ebsoni! Ne jemi k\u00ebtu! Ne po presim!&#8221;. K\u00ebto grafite jan\u00eb n\u00ebnshkruar nga &#8220;Brigada e Veriut&#8221;.<\/p>\n<p>Pse tensione?<\/p>\n<p>Serb\u00ebt lokal\u00eb vendos\u00ebn barrikada si shenj\u00eb pak\u00ebnaq\u00ebsie ndaj vendimit t\u00eb Qeveris\u00eb s\u00eb Kosov\u00ebs p\u00ebr zbatim t\u00eb dy vendimeve: p\u00ebr targat e makinave dhe dokumentet serbe.<\/p>\n<p>Kosova dhe Serbia kan\u00eb marr\u00ebveshje p\u00ebr l\u00ebvizje t\u00eb lir\u00eb prej vitit 2011.<\/p>\n","protected":false},"excerpt":{"rendered":"<p>N\u00eb Bruksel ka p\u00ebrfunduar rundi i par\u00eb i takimit trepal\u00ebsh midis kryeministrit t\u00eb Kosov\u00ebs, Albin Kurti, dhe presidentit t\u00eb Serbis\u00eb, Aleksandar Vu\u00e7iq, me nd\u00ebrmjet\u00ebsimin e Bashkimit Evropian. Si\u00e7 m\u00ebson Radio Evropa e Lir\u00eb do t\u00eb ket\u00eb takime dypal\u00ebshe midis lider\u00ebve t\u00eb Kosov\u00ebs dhe Serbis\u00eb me nd\u00ebrmjet\u00ebsuesit e BE-s\u00eb, me q\u00ebllim q\u00eb lider\u00ebt t\u00eb takohen s\u00ebrish &hellip;<\/p>\n","protected":false},"author":4,"featured_media":0,"comment_status":"open","ping_status":"open","sticky":false,"template":"","format":"standard","meta":{"footnotes":""},"categories":[38],"tags":[],"class_list":["post-20975","post","type-post","status-publish","format-standard","","category-bota"],"_links":{"self":[{"href":"https:\/\/rdnews.al\/index.php\/wp-json\/wp\/v2\/posts\/20975","targetHints":{"allow":["GET"]}}],"collection":[{"href":"https:\/\/rdnews.al\/index.php\/wp-json\/wp\/v2\/posts"}],"about":[{"href":"https:\/\/rdnews.al\/index.php\/wp-json\/wp\/v2\/types\/post"}],"author":[{"embeddable":true,"href":"https:\/\/rdnews.al\/index.php\/wp-json\/wp\/v2\/users\/4"}],"replies":[{"embeddable":true,"href":"https:\/\/rdnews.al\/index.php\/wp-json\/wp\/v2\/comments?post=20975"}],"version-history":[{"count":0,"href":"https:\/\/rdnews.al\/index.php\/wp-json\/wp\/v2\/posts\/20975\/revisions"}],"wp:attachment":[{"href":"https:\/\/rdnews.al\/index.php\/wp-json\/wp\/v2\/media?parent=20975"}],"wp:term":[{"taxonomy":"category","embeddable":true,"href":"https:\/\/rdnews.al\/index.php\/wp-json\/wp\/v2\/categories?post=20975"},{"taxonomy":"post_tag","embeddable":true,"href":"https:\/\/rdnews.al\/index.php\/wp-json\/wp\/v2\/tags?post=20975"}],"curies":[{"name":"wp","href":"https:\/\/api.w.org\/{rel}","templated":true}]}}