{"id":20983,"date":"2022-08-18T18:34:47","date_gmt":"2022-08-18T18:34:47","guid":{"rendered":"https:\/\/rdnews.al\/?p=20983"},"modified":"2022-08-18T18:34:47","modified_gmt":"2022-08-18T18:34:47","slug":"meta-shtatori-do-te-jete-pranvera-e-demokracise","status":"publish","type":"post","link":"https:\/\/rdnews.al\/index.php\/2022\/08\/18\/meta-shtatori-do-te-jete-pranvera-e-demokracise\/","title":{"rendered":"Meta: Shtatori do t\u00eb jet\u00eb pranvera e demokracis\u00eb"},"content":{"rendered":"<p>Kryetari i Partis\u00eb s\u00eb Liris\u00eb, Ilir Meta ka paralajm\u00ebruar sot nga Elbasani se shtatori do t\u00eb jet\u00eb pranvera e demokracis\u00eb q\u00eb do t\u00eb sjell\u00eb shtim t\u00eb aksionit t\u00eb p\u00ebrbashk\u00ebt opozitar.<\/p>\n<p>Meta u shpreh se e vetmja zgjidhje p\u00ebr situat\u00ebn e krijuar n\u00eb vend \u00ebsht\u00eb referendumi duke shtuar se ora e drejt\u00ebsis\u00eb ka ardhur.<\/p>\n<p>\u201cAfera e Portit t\u00eb Durr\u00ebsit tregon se shteti ka r\u00ebn\u00eb. Dhe shum\u00eb afera t\u00eb tjera. Zgjidhja nuk \u00ebsht\u00eb llogaridh\u00ebnia dhe as pendesa. Zgjidhja \u00ebsht\u00eb eliminimi i pluralizmit politik, i opozit\u00ebs dhe mediave t\u00eb lira dhe t\u00eb pavarura. N\u00eb m\u00ebnyr\u00eb q\u00eb t\u00eb p\u00ebrjet\u00ebsohet ky sistem anti komb\u00ebtar.<\/p>\n<p>Ndaj un\u00eb besoj shum\u00eb se t\u00eb gjith\u00eb ne s\u00eb bashku do i japim p\u00ebrgjigjen e duhur k\u00ebsaj sfide. Partia e Liris\u00eb q\u00eb p\u00ebrfaq\u00ebson nj\u00eb vendim historik t\u00eb gjith\u00ebve ne, \u00ebsht\u00eb e vendosur p\u00ebr misionin e qart\u00eb t\u00eb opozit\u00ebs dhe p\u00ebr t\u00eb triumfuar mbi rr\u00ebnojat e nj\u00eb qeverie q\u00eb ka r\u00ebn\u00eb. Q\u00eb k\u00ebrkon ngritjen e t\u00eb gjith\u00eb opozit\u00ebs n\u00eb aleanc\u00eb. Zgjidhja \u00ebsht\u00eb referendum. Jo thjesht nd\u00ebrrimi i qeveris\u00eb.<\/p>\n<p>Por nd\u00ebrrimi nj\u00ebher\u00eb e p\u00ebrgjithmon\u00eb i sistemit. Referendumi \u00ebsht\u00eb zgjidhja. Populli \u00ebsht\u00eb investitori m\u00eb strategjik. Kush mendon se mund t\u00eb sillet si pushtues i ka b\u00ebr\u00eb llogarit\u00eb shum\u00eb keq. Ora e drejt\u00ebsis\u00eb ka ardhur. Shtatori do t\u00eb jet\u00eb nj\u00eb pranver\u00eb e v\u00ebrtet\u00eb e demokracis\u00eb dhe p\u00ebrmbysjes s\u00eb k\u00ebtij regjimi hajdutokrat q\u00eb t\u00eb vetmen rrug\u00eb shikon shkat\u00ebrrimin e popullit shqiptar\u201d, tha Meta.<\/p>\n","protected":false},"excerpt":{"rendered":"<p>Kryetari i Partis\u00eb s\u00eb Liris\u00eb, Ilir Meta ka paralajm\u00ebruar sot nga Elbasani se shtatori do t\u00eb jet\u00eb pranvera e demokracis\u00eb q\u00eb do t\u00eb sjell\u00eb shtim t\u00eb aksionit t\u00eb p\u00ebrbashk\u00ebt opozitar. Meta u shpreh se e vetmja zgjidhje p\u00ebr situat\u00ebn e krijuar n\u00eb vend \u00ebsht\u00eb referendumi duke shtuar se ora e drejt\u00ebsis\u00eb ka ardhur. \u201cAfera e &hellip;<\/p>\n","protected":false},"author":4,"featured_media":17284,"comment_status":"open","ping_status":"open","sticky":false,"template":"","format":"standard","meta":{"footnotes":""},"categories":[40],"tags":[],"class_list":["post-20983","post","type-post","status-publish","format-standard","has-post-thumbnail","","category-aktualitet"],"_links":{"self":[{"href":"https:\/\/rdnews.al\/index.php\/wp-json\/wp\/v2\/posts\/20983","targetHints":{"allow":["GET"]}}],"collection":[{"href":"https:\/\/rdnews.al\/index.php\/wp-json\/wp\/v2\/posts"}],"about":[{"href":"https:\/\/rdnews.al\/index.php\/wp-json\/wp\/v2\/types\/post"}],"author":[{"embeddable":true,"href":"https:\/\/rdnews.al\/index.php\/wp-json\/wp\/v2\/users\/4"}],"replies":[{"embeddable":true,"href":"https:\/\/rdnews.al\/index.php\/wp-json\/wp\/v2\/comments?post=20983"}],"version-history":[{"count":0,"href":"https:\/\/rdnews.al\/index.php\/wp-json\/wp\/v2\/posts\/20983\/revisions"}],"wp:featuredmedia":[{"embeddable":true,"href":"https:\/\/rdnews.al\/index.php\/wp-json\/wp\/v2\/media\/17284"}],"wp:attachment":[{"href":"https:\/\/rdnews.al\/index.php\/wp-json\/wp\/v2\/media?parent=20983"}],"wp:term":[{"taxonomy":"category","embeddable":true,"href":"https:\/\/rdnews.al\/index.php\/wp-json\/wp\/v2\/categories?post=20983"},{"taxonomy":"post_tag","embeddable":true,"href":"https:\/\/rdnews.al\/index.php\/wp-json\/wp\/v2\/tags?post=20983"}],"curies":[{"name":"wp","href":"https:\/\/api.w.org\/{rel}","templated":true}]}}