{"id":21070,"date":"2022-08-20T09:22:40","date_gmt":"2022-08-20T09:22:40","guid":{"rendered":"https:\/\/rdnews.al\/?p=21070"},"modified":"2022-08-20T09:23:30","modified_gmt":"2022-08-20T09:23:30","slug":"shteti-garant-i-inceneratorit-te-tiranes-projekti-fantazem-do-te-ndertohej-mbi-nje-truall-100-publik","status":"publish","type":"post","link":"https:\/\/rdnews.al\/index.php\/2022\/08\/20\/shteti-garant-i-inceneratorit-te-tiranes-projekti-fantazem-do-te-ndertohej-mbi-nje-truall-100-publik\/","title":{"rendered":"Shteti garant i \u201cInceneratorit t\u00eb Tiran\u00ebs\u201d, projekti fantaz\u00ebm do t\u00eb nd\u00ebrtohej mbi nj\u00eb truall 100% publik"},"content":{"rendered":"<p><strong>\u00b7 PD pyetje t\u00eb p\u00ebrditshme p\u00ebr Incenerator\u00ebt: Shteti shqiptar garant i \u201cInceneratorit t\u00eb Tiran\u00ebs\u201d, projekti fantaz\u00ebm do t\u00eb nd\u00ebrtohej mbi nj\u00eb truall 100% publik<\/strong><\/p>\n<p>Deklarat\u00eb e an\u00ebtarit t\u00eb K\u00ebshillit Komb\u00ebtar t\u00eb PD, Akil Kraja<\/p>\n<p>Prej jav\u00ebsh denoncojm\u00eb \u00e7do dit\u00eb, me fakte dhe prova, vjedhjet miliona euroshe nga incenerator\u00ebt e Tiran\u00ebs, Elbasanit dhe Fierit.<\/p>\n<p>P\u00ebr nga vlerat e abuzuara, jan\u00eb n\u00eb loj\u00eb mbi 430 milion euro; p\u00ebr nga individ\u00ebt e p\u00ebrfshir\u00eb, Kryetar\u00eb Bashkish, Ministra e vet\u00eb Kryeministri; p\u00ebr nga skemat e p\u00ebrdorura, kompani guac\u00eb brenda dhe jasht\u00eb vendit n\u00eb pron\u00ebsi njer\u00ebzish t\u00eb vdekur apo n\u00eb azil; gjith\u00e7ka n\u00eb k\u00ebt\u00eb skandal p\u00ebrb\u00ebn nj\u00eb mega-afer\u00eb.<\/p>\n<p>Nj\u00eb mega afer\u00eb tejet komplekse dhe q\u00eb d\u00ebshmon se hajdut\u00ebt n\u00eb fakt jan\u00eb vet\u00eb qeveritar\u00ebt.<\/p>\n<p>Sot do t\u00eb ndalemi tek Landfilli i Sharr\u00ebs n\u00eb Tiran\u00eb pasi mega-skandali nuk prek vet\u00ebm incenerator\u00ebt por t\u00eb gjith\u00eb zinxhirin e menaxhimit t\u00eb mbetjeve.<\/p>\n<p>Flasim gjithmon\u00eb p\u00ebr t\u00eb nj\u00ebjt\u00ebn kompani \u201cIntegrated Energy B.V.\u201d e cila nuk paguhet vet\u00ebm p\u00ebr t\u00eb djegur plehrat q\u00eb nuk digjen askund.<\/p>\n<p>M\u00eb konkretisht, Landfilli i Sharr\u00ebs ku do t\u00eb nd\u00ebrtohej projekti imagjinar i inceneratorit ka qen\u00eb n\u00eb pron\u00ebsi t\u00eb shtetit me mbi 60% t\u00eb tij. Sipas studimit t\u00eb fizibilitetit t\u00eb Ministris\u00eb s\u00eb Mjedisit, gati 39% e tok\u00ebs ku parashikohej t\u00eb shtrihej koncesioni i inceneratorit ishte n\u00eb pron\u00ebsi private.<\/p>\n<p>\u00c7far\u00eb ndodh: shteti shqiptar i del garant kompanis\u00eb s\u00eb Zotos duke shtet\u00ebzuar me parat\u00eb e qytetar\u00ebve, dhe pjes\u00ebn e truallit q\u00eb ishte private.<\/p>\n<p>\u00c7ka do t\u00eb thot\u00eb q\u00eb i gjith\u00eb projekti fantaz\u00ebm do t\u00eb nd\u00ebrtohej mbi nj\u00eb truall 100% publik.<\/p>\n<p>Nga ku pes\u00eb pyetjet e rradh\u00ebs:<\/p>\n<p>1. Sa \u00ebsht\u00eb vlera n\u00eb miliona euro, q\u00eb shteti shqiptar, ka kompensuar deri m\u00eb sot n\u00eb em\u00ebr t\u00eb Integrated Energy pronar\u00ebt privat\u00eb t\u00eb truallit n\u00eb Sharr\u00eb?<\/p>\n<p>2. Sa \u00ebsht\u00eb numri i gjyqeve q\u00eb shteti shqiptar ka m\u00eb pronar\u00eb t\u00eb truallit q\u00eb k\u00ebrkojn\u00eb nj\u00eb kompensim m\u00eb t\u00eb lart\u00eb, dhe sa \u00ebsht\u00eb parashikimi i detyrimeve totale n\u00eb fund t\u00eb k\u00ebtyre gjyqeve?<\/p>\n<p>3. A mund t\u00eb jet\u00eb ky truall publik, prej 15 hektar\u00ebsh, objekt sekuestrimi nga bankat kreditore t\u00eb Klodian Zotos p\u00ebr kredit\u00eb e mos-kthyera nga ai, dhe sa shkon humbja n\u00eb total p\u00ebr shtetin shqiptar?<\/p>\n<p>4. Sa \u00ebsht\u00eb fitimi n\u00eb miliona euro, q\u00eb e nj\u00ebjta kompani fantaz\u00ebm ka nxjerr\u00eb nga faturimi i depozitimit inerteve t\u00eb nd\u00ebrtimit n\u00eb k\u00ebt\u00eb truall publik?<\/p>\n<p>5. P\u00ebrse Bashkia Tiran\u00eb vijon ta lejoj\u00eb k\u00ebt\u00eb kompani fantaz\u00ebm, nj\u00eb nga administrator\u00ebt e t\u00eb cil\u00ebs \u00ebsht\u00eb objekt hetimi dhe k\u00ebrkimi nd\u00ebrkomb\u00ebtar, t\u00eb vjel\u00eb miliona euro fitime nga p\u00ebrdorimi i nj\u00eb trualli publik si Landfilli i Sharr\u00ebs ?<\/p>\n<p>P\u00ebrgjigjja \u00ebsht\u00eb vet\u00ebm nj\u00eb. Sepse k\u00ebto jan\u00eb pun\u00eb plehrash, pun\u00eb hajdut\u00ebsh, pun\u00eb fantaz\u00ebm p\u00ebr nj\u00eb mega-afer\u00eb qindra milion\u00ebshe.<\/p>\n","protected":false},"excerpt":{"rendered":"<p>\u00b7 PD pyetje t\u00eb p\u00ebrditshme p\u00ebr Incenerator\u00ebt: Shteti shqiptar garant i \u201cInceneratorit t\u00eb Tiran\u00ebs\u201d, projekti fantaz\u00ebm do t\u00eb nd\u00ebrtohej mbi nj\u00eb truall 100% publik Deklarat\u00eb e an\u00ebtarit t\u00eb K\u00ebshillit Komb\u00ebtar t\u00eb PD, Akil Kraja Prej jav\u00ebsh denoncojm\u00eb \u00e7do dit\u00eb, me fakte dhe prova, vjedhjet miliona euroshe nga incenerator\u00ebt e Tiran\u00ebs, Elbasanit dhe Fierit. P\u00ebr nga &hellip;<\/p>\n","protected":false},"author":4,"featured_media":21071,"comment_status":"open","ping_status":"open","sticky":false,"template":"","format":"standard","meta":{"footnotes":""},"categories":[37],"tags":[],"class_list":["post-21070","post","type-post","status-publish","format-standard","has-post-thumbnail","","category-politike"],"_links":{"self":[{"href":"https:\/\/rdnews.al\/index.php\/wp-json\/wp\/v2\/posts\/21070","targetHints":{"allow":["GET"]}}],"collection":[{"href":"https:\/\/rdnews.al\/index.php\/wp-json\/wp\/v2\/posts"}],"about":[{"href":"https:\/\/rdnews.al\/index.php\/wp-json\/wp\/v2\/types\/post"}],"author":[{"embeddable":true,"href":"https:\/\/rdnews.al\/index.php\/wp-json\/wp\/v2\/users\/4"}],"replies":[{"embeddable":true,"href":"https:\/\/rdnews.al\/index.php\/wp-json\/wp\/v2\/comments?post=21070"}],"version-history":[{"count":0,"href":"https:\/\/rdnews.al\/index.php\/wp-json\/wp\/v2\/posts\/21070\/revisions"}],"wp:featuredmedia":[{"embeddable":true,"href":"https:\/\/rdnews.al\/index.php\/wp-json\/wp\/v2\/media\/21071"}],"wp:attachment":[{"href":"https:\/\/rdnews.al\/index.php\/wp-json\/wp\/v2\/media?parent=21070"}],"wp:term":[{"taxonomy":"category","embeddable":true,"href":"https:\/\/rdnews.al\/index.php\/wp-json\/wp\/v2\/categories?post=21070"},{"taxonomy":"post_tag","embeddable":true,"href":"https:\/\/rdnews.al\/index.php\/wp-json\/wp\/v2\/tags?post=21070"}],"curies":[{"name":"wp","href":"https:\/\/api.w.org\/{rel}","templated":true}]}}