{"id":21168,"date":"2022-08-22T10:31:37","date_gmt":"2022-08-22T10:31:37","guid":{"rendered":"https:\/\/rdnews.al\/?p=21168"},"modified":"2022-08-22T10:51:37","modified_gmt":"2022-08-22T10:51:37","slug":"berisha-pse-rama-nuk-ploteson-kerkesen-e-zelensky-t-per-te-bllokuar-vizat-e-ruseve","status":"publish","type":"post","link":"https:\/\/rdnews.al\/index.php\/2022\/08\/22\/berisha-pse-rama-nuk-ploteson-kerkesen-e-zelensky-t-per-te-bllokuar-vizat-e-ruseve\/","title":{"rendered":"Berisha: Pse Rama nuk plot\u00ebson k\u00ebrkes\u00ebn e Zelensky-t p\u00ebr t\u00eb bllokuar vizat e rus\u00ebve?"},"content":{"rendered":"<p>Kryetari i PD, Sali Berisha ka hedhur akuza t\u00eb r\u00ebnda n\u00eb drejtim t\u00eb kryeministrit Edi Rama duke e quajtur agjent t\u00eb Kremlinit me projektin e Ballkanit t\u00eb Hapur.<\/p>\n<p>Gjithashtu, n\u00eb konferenc\u00ebn p\u00ebr mediat, Berisha ngriti edhe nj\u00ebher\u00eb pyetjen se p\u00ebrse Rama nuk e plot\u00ebson k\u00ebrkes\u00ebn e Zelenskyt p\u00ebr t\u00eb bllokuar vizat p\u00ebr rus\u00ebt.<\/p>\n<p>&#8220;Nuk \u00ebsht\u00eb k\u00ebtu \u00e7\u00ebshtja e akuzave t\u00eb vjetra t\u00eb lidhjes s\u00eb tij at\u00ebrore me sh\u00ebrbimet ruse, dosjen \u2018Mitrokin\u2019, apo lidhje te tjera familjare.<\/p>\n<p>\u00c7\u00ebshtja \u00ebsht\u00eb se Rama po vepron si agjent i Kremlinit n\u00eb Tiran\u00eb, me projektin \u2018Ballkani i Hapur\u2019. P\u00ebrve\u00e7 k\u00ebsaj dhe n\u00eb k\u00ebt\u00eb kontekst, refuzimi i tij i prer\u00eb p\u00ebr bllokimin e vizave \u00ebsht\u00eb dhe kjo nj\u00eb problem i ve\u00e7ant\u00eb.<\/p>\n<p>K\u00ebt\u00eb \u00e7\u00ebshtje e kam ngritur disa her\u00eb n\u00eb parlament. Kjo ishte e vetmja k\u00ebrkes\u00eb e presidentit Zelensky drejtuar parlamentit shqiptar. Por Edi Rama me kok\u00ebfort\u00ebsi dhe pa asnj\u00eb shpjegim refuzon t\u00eb bllokoj\u00eb dhe vendos\u00eb vizat p\u00ebr rus\u00ebt dhe t\u00eb mos ua jap\u00eb atyre&#8221;, tha Berisha.<\/p>\n","protected":false},"excerpt":{"rendered":"<p>Kryetari i PD, Sali Berisha ka hedhur akuza t\u00eb r\u00ebnda n\u00eb drejtim t\u00eb kryeministrit Edi Rama duke e quajtur agjent t\u00eb Kremlinit me projektin e Ballkanit t\u00eb Hapur. Gjithashtu, n\u00eb konferenc\u00ebn p\u00ebr mediat, Berisha ngriti edhe nj\u00ebher\u00eb pyetjen se p\u00ebrse Rama nuk e plot\u00ebson k\u00ebrkes\u00ebn e Zelenskyt p\u00ebr t\u00eb bllokuar vizat p\u00ebr rus\u00ebt. &#8220;Nuk \u00ebsht\u00eb &hellip;<\/p>\n","protected":false},"author":4,"featured_media":21169,"comment_status":"open","ping_status":"open","sticky":false,"template":"","format":"standard","meta":{"footnotes":""},"categories":[37],"tags":[],"class_list":["post-21168","post","type-post","status-publish","format-standard","has-post-thumbnail","","category-politike"],"_links":{"self":[{"href":"https:\/\/rdnews.al\/index.php\/wp-json\/wp\/v2\/posts\/21168","targetHints":{"allow":["GET"]}}],"collection":[{"href":"https:\/\/rdnews.al\/index.php\/wp-json\/wp\/v2\/posts"}],"about":[{"href":"https:\/\/rdnews.al\/index.php\/wp-json\/wp\/v2\/types\/post"}],"author":[{"embeddable":true,"href":"https:\/\/rdnews.al\/index.php\/wp-json\/wp\/v2\/users\/4"}],"replies":[{"embeddable":true,"href":"https:\/\/rdnews.al\/index.php\/wp-json\/wp\/v2\/comments?post=21168"}],"version-history":[{"count":0,"href":"https:\/\/rdnews.al\/index.php\/wp-json\/wp\/v2\/posts\/21168\/revisions"}],"wp:featuredmedia":[{"embeddable":true,"href":"https:\/\/rdnews.al\/index.php\/wp-json\/wp\/v2\/media\/21169"}],"wp:attachment":[{"href":"https:\/\/rdnews.al\/index.php\/wp-json\/wp\/v2\/media?parent=21168"}],"wp:term":[{"taxonomy":"category","embeddable":true,"href":"https:\/\/rdnews.al\/index.php\/wp-json\/wp\/v2\/categories?post=21168"},{"taxonomy":"post_tag","embeddable":true,"href":"https:\/\/rdnews.al\/index.php\/wp-json\/wp\/v2\/tags?post=21168"}],"curies":[{"name":"wp","href":"https:\/\/api.w.org\/{rel}","templated":true}]}}