{"id":21173,"date":"2022-08-22T10:35:34","date_gmt":"2022-08-22T10:35:34","guid":{"rendered":"https:\/\/rdnews.al\/?p=21173"},"modified":"2022-08-22T10:35:34","modified_gmt":"2022-08-22T10:35:34","slug":"berisha-denoncon-lidhjet-me-dy-sherbime-te-huaja-te-dy-ish-drejtuesve-te-shik","status":"publish","type":"post","link":"https:\/\/rdnews.al\/index.php\/2022\/08\/22\/berisha-denoncon-lidhjet-me-dy-sherbime-te-huaja-te-dy-ish-drejtuesve-te-shik\/","title":{"rendered":"Berisha denoncon lidhjet me dy sh\u00ebrbime t\u00eb huaja t\u00eb dy ish-drejtuesve t\u00eb SHIK"},"content":{"rendered":"<p>Kreu i Partis\u00eb Demokratike Sali Berisha n\u00eb nj\u00eb komunikim p\u00ebr mediat nuk i kurseu kritikat ndaj kryeministrit Edi Rama.<\/p>\n<p>Ai gjithashtu tha se siguria komb\u00ebtare e vendit \u00ebsht\u00eb e k\u00ebrc\u00ebnuar, duke shtuar se fatmir\u00ebsisht vendi \u00ebsht\u00eb an\u00ebtar i NATO-s.<\/p>\n<p>\u201cMeq\u00eb jemi n\u00eb fush\u00ebn e lajmeve p\u00ebr spiun\u00eb ju d\u00ebgjuat nj\u00eb muaj m\u00eb par\u00eb se nj\u00eb prej figurave m\u00eb ky\u00e7e ishte aset rus. N\u00eb t\u00eb v\u00ebrtet\u00eb ju garantoj se ai nuk \u00ebsht\u00eb i izoluar. Fatos Klosi ndiqej nga sh\u00ebrbime inteligjente p\u00ebr lidhje t\u00eb dyshimta me dy sh\u00ebrbime t\u00eb tjera. Frederik Ymeri e em\u00ebroi n\u00eb detyr\u00ebn m\u00eb t\u00eb lart\u00eb dhe drejtorin\u00eb m\u00eb t\u00eb r\u00ebnd\u00ebsishme, Fatos Klosi. K\u00ebto n\u00eb m\u00ebnyr\u00eb direkte apo jo jan\u00eb t\u00eb lidhura gjer n\u00eb kreu e piramid\u00ebs s\u00eb k\u00ebtij vendi. Siguria komb\u00ebtare sot \u00ebsht\u00eb e k\u00ebrc\u00ebnuar. Shqip\u00ebria \u00ebsht\u00eb an\u00ebtar i NATO-s dhe askush nuk mund t\u00eb luaj\u00eb me sovranitetin dhe integritetin e saj territorial. Sot mbi qiellin e Tiran\u00eb fluturojn\u00eb fortesa ajrore B52, uroj q\u00eb miku i Ram\u00ebs Vu\u00e7i\u00e7 dhe barbari i Kremlinit Putin, t\u2019i shohin k\u00ebto fortesa\u201d, tha Berisha.<\/p>\n","protected":false},"excerpt":{"rendered":"<p>Kreu i Partis\u00eb Demokratike Sali Berisha n\u00eb nj\u00eb komunikim p\u00ebr mediat nuk i kurseu kritikat ndaj kryeministrit Edi Rama. Ai gjithashtu tha se siguria komb\u00ebtare e vendit \u00ebsht\u00eb e k\u00ebrc\u00ebnuar, duke shtuar se fatmir\u00ebsisht vendi \u00ebsht\u00eb an\u00ebtar i NATO-s. \u201cMeq\u00eb jemi n\u00eb fush\u00ebn e lajmeve p\u00ebr spiun\u00eb ju d\u00ebgjuat nj\u00eb muaj m\u00eb par\u00eb se nj\u00eb &hellip;<\/p>\n","protected":false},"author":5,"featured_media":20514,"comment_status":"open","ping_status":"open","sticky":false,"template":"","format":"standard","meta":{"footnotes":""},"categories":[37],"tags":[],"class_list":["post-21173","post","type-post","status-publish","format-standard","has-post-thumbnail","","category-politike"],"_links":{"self":[{"href":"https:\/\/rdnews.al\/index.php\/wp-json\/wp\/v2\/posts\/21173","targetHints":{"allow":["GET"]}}],"collection":[{"href":"https:\/\/rdnews.al\/index.php\/wp-json\/wp\/v2\/posts"}],"about":[{"href":"https:\/\/rdnews.al\/index.php\/wp-json\/wp\/v2\/types\/post"}],"author":[{"embeddable":true,"href":"https:\/\/rdnews.al\/index.php\/wp-json\/wp\/v2\/users\/5"}],"replies":[{"embeddable":true,"href":"https:\/\/rdnews.al\/index.php\/wp-json\/wp\/v2\/comments?post=21173"}],"version-history":[{"count":0,"href":"https:\/\/rdnews.al\/index.php\/wp-json\/wp\/v2\/posts\/21173\/revisions"}],"wp:featuredmedia":[{"embeddable":true,"href":"https:\/\/rdnews.al\/index.php\/wp-json\/wp\/v2\/media\/20514"}],"wp:attachment":[{"href":"https:\/\/rdnews.al\/index.php\/wp-json\/wp\/v2\/media?parent=21173"}],"wp:term":[{"taxonomy":"category","embeddable":true,"href":"https:\/\/rdnews.al\/index.php\/wp-json\/wp\/v2\/categories?post=21173"},{"taxonomy":"post_tag","embeddable":true,"href":"https:\/\/rdnews.al\/index.php\/wp-json\/wp\/v2\/tags?post=21173"}],"curies":[{"name":"wp","href":"https:\/\/api.w.org\/{rel}","templated":true}]}}