{"id":21180,"date":"2022-08-22T10:39:08","date_gmt":"2022-08-22T10:39:08","guid":{"rendered":"https:\/\/rdnews.al\/?p=21180"},"modified":"2022-08-22T11:31:42","modified_gmt":"2022-08-22T11:31:42","slug":"berisha-fatos-klosi-emeroi-asetin-rus-ne-drejtorine-me-te-rendesishme-te-shish","status":"publish","type":"post","link":"https:\/\/rdnews.al\/index.php\/2022\/08\/22\/berisha-fatos-klosi-emeroi-asetin-rus-ne-drejtorine-me-te-rendesishme-te-shish\/","title":{"rendered":"Berisha: Fatos Klosi em\u00ebroi asetin rus n\u00eb drejtorin\u00eb m\u00eb t\u00eb r\u00ebnd\u00ebsishme t\u00eb SHISH"},"content":{"rendered":"<p>Kryetari i PD, Sali Berisha u shpreh se, Fatos Klosi ndiqej nga sh\u00ebrbimet inteligjente shqiptare, p\u00ebr lidhje t\u00eb dyshimta me dy sh\u00ebrbime t\u00eb tjera. Dhe k\u00ebto jan\u00eb denoncuar publikisht.<\/p>\n<p>&#8220;Meq\u00eb jemi n\u00eb fush\u00ebn e lajmeve p\u00ebr spiun\u00eb, ju d\u00ebgjuat, nj\u00eb muaj m\u00eb par\u00eb, se nj\u00ebri prej figurave m\u00eb ky\u00e7e, t\u00eb Sh\u00ebrbimit p\u00ebr vite t\u00eb t\u00ebra, Frederik Ymeri ishte aset rus. N\u00eb t\u00eb v\u00ebrtet\u00eb ju garantoj, se ai nuk \u00ebsht\u00eb i izoluar. Fatos Klosi ndiqej nga sh\u00ebrbimet inteligjente shqiptare, p\u00ebr lidhje t\u00eb dyshimta me dy sh\u00ebrbime t\u00eb tjera. Dhe k\u00ebto jan\u00eb denoncuar publikisht.<\/p>\n<p>Frederik Ymerin e em\u00ebroi n\u00eb drejtorin\u00eb m\u00eb t\u00eb r\u00ebnd\u00ebsishme t\u00eb Sh\u00ebrbimit, pik\u00ebrisht Fatos Klosi. Pra mund t\u00eb themi se agjenturat e huaja, direkte apo me influenc\u00eb jan\u00eb t\u00eb lidhura gjer\u00eb n\u00eb kreun e piramid\u00ebs qeveritare t\u00eb k\u00ebtij vendi.<\/p>\n<p>K\u00ebshtu q\u00eb siguria komb\u00ebtare sot n\u00eb shum\u00eb aspekte \u00ebsht\u00eb e k\u00ebrc\u00ebnuar. Fatmit\u00ebsisht sot Shqip\u00ebria \u00ebsht\u00eb vend an\u00ebtar i NATO-s dhe askush nuk mund t\u00eb luaj\u00eb me sovranitetin dhe integritetin e saj territorial.<\/p>\n<p>Sot n\u00eb kuadrin e 100 vjetorit t\u00eb marr\u00ebdh\u00ebnieve diplomatike me SHBA, mbi qiellin e Tiran\u00ebs fluturojn\u00eb fortesat ajrore B-52. Uroj q\u00eb miku i Ram\u00ebs, Aleksand\u00ebr Vu\u00e7i\u00e7 dhe barbari Putin, t&#8217;i shohin k\u00ebto fortesa&#8221;, tha Berisha.<\/p>\n","protected":false},"excerpt":{"rendered":"<p>Kryetari i PD, Sali Berisha u shpreh se, Fatos Klosi ndiqej nga sh\u00ebrbimet inteligjente shqiptare, p\u00ebr lidhje t\u00eb dyshimta me dy sh\u00ebrbime t\u00eb tjera. Dhe k\u00ebto jan\u00eb denoncuar publikisht. &#8220;Meq\u00eb jemi n\u00eb fush\u00ebn e lajmeve p\u00ebr spiun\u00eb, ju d\u00ebgjuat, nj\u00eb muaj m\u00eb par\u00eb, se nj\u00ebri prej figurave m\u00eb ky\u00e7e, t\u00eb Sh\u00ebrbimit p\u00ebr vite t\u00eb t\u00ebra, &hellip;<\/p>\n","protected":false},"author":4,"featured_media":21183,"comment_status":"open","ping_status":"open","sticky":false,"template":"","format":"standard","meta":{"footnotes":""},"categories":[40],"tags":[],"class_list":["post-21180","post","type-post","status-publish","format-standard","has-post-thumbnail","","category-aktualitet"],"_links":{"self":[{"href":"https:\/\/rdnews.al\/index.php\/wp-json\/wp\/v2\/posts\/21180","targetHints":{"allow":["GET"]}}],"collection":[{"href":"https:\/\/rdnews.al\/index.php\/wp-json\/wp\/v2\/posts"}],"about":[{"href":"https:\/\/rdnews.al\/index.php\/wp-json\/wp\/v2\/types\/post"}],"author":[{"embeddable":true,"href":"https:\/\/rdnews.al\/index.php\/wp-json\/wp\/v2\/users\/4"}],"replies":[{"embeddable":true,"href":"https:\/\/rdnews.al\/index.php\/wp-json\/wp\/v2\/comments?post=21180"}],"version-history":[{"count":0,"href":"https:\/\/rdnews.al\/index.php\/wp-json\/wp\/v2\/posts\/21180\/revisions"}],"wp:featuredmedia":[{"embeddable":true,"href":"https:\/\/rdnews.al\/index.php\/wp-json\/wp\/v2\/media\/21183"}],"wp:attachment":[{"href":"https:\/\/rdnews.al\/index.php\/wp-json\/wp\/v2\/media?parent=21180"}],"wp:term":[{"taxonomy":"category","embeddable":true,"href":"https:\/\/rdnews.al\/index.php\/wp-json\/wp\/v2\/categories?post=21180"},{"taxonomy":"post_tag","embeddable":true,"href":"https:\/\/rdnews.al\/index.php\/wp-json\/wp\/v2\/tags?post=21180"}],"curies":[{"name":"wp","href":"https:\/\/api.w.org\/{rel}","templated":true}]}}