{"id":21410,"date":"2022-08-24T09:53:53","date_gmt":"2022-08-24T09:53:53","guid":{"rendered":"https:\/\/rdnews.al\/?p=21410"},"modified":"2022-08-24T09:53:53","modified_gmt":"2022-08-24T09:53:53","slug":"tjeter-pergenjeshtrim-amerikan-per-yuri-kim","status":"publish","type":"post","link":"https:\/\/rdnews.al\/index.php\/2022\/08\/24\/tjeter-pergenjeshtrim-amerikan-per-yuri-kim\/","title":{"rendered":"Tjet\u00ebr p\u00ebrg\u00ebnjeshtrim amerikan p\u00ebr Yuri Kim"},"content":{"rendered":"<p>Ambasadorja amerikane n\u00eb Tiran\u00eb, Yuri Kim, deklaroi disa her\u00eb se fluturimi i avion\u00ebve B52 mbi Tiran\u00eb ishte me rastin e 100-vjetorit t\u00eb marr\u00ebdh\u00ebnieve mes SHBA dhe Shqip\u00ebris\u00eb.<\/p>\n<p>Syri e p\u00ebrg\u00ebnjeshtroi k\u00ebt\u00eb deklarat\u00eb, pasi vet\u00eb Komanda Amerikane njoftoi se ky ishte nj\u00eb fluturim i planifikuar mbi disa vende t\u00eb Europ\u00ebs Juglindore.<\/p>\n<p>M\u00eb t\u00eb duksh\u00ebm ishin avion\u00ebt n\u00eb Shqip\u00ebri dhe n\u00eb Maqedonin\u00eb e Veriut.<\/p>\n<p>P\u00ebr t\u00eb rr\u00ebzuar pretendimet e Yuri Kim, vjen edhe ky njoftim nga Ambasada e SHBA n\u00eb Shkup.<\/p>\n<p>Njoftimi qart\u00ebson se fluturimi nuk ka lidhje me 100-vjetorin e marr\u00ebdh\u00ebnieve mes SHBA dhe Shqip\u00ebris\u00eb.<\/p>\n<p>Syri.net<\/p>\n","protected":false},"excerpt":{"rendered":"<p>Ambasadorja amerikane n\u00eb Tiran\u00eb, Yuri Kim, deklaroi disa her\u00eb se fluturimi i avion\u00ebve B52 mbi Tiran\u00eb ishte me rastin e 100-vjetorit t\u00eb marr\u00ebdh\u00ebnieve mes SHBA dhe Shqip\u00ebris\u00eb. Syri e p\u00ebrg\u00ebnjeshtroi k\u00ebt\u00eb deklarat\u00eb, pasi vet\u00eb Komanda Amerikane njoftoi se ky ishte nj\u00eb fluturim i planifikuar mbi disa vende t\u00eb Europ\u00ebs Juglindore. M\u00eb t\u00eb duksh\u00ebm ishin avion\u00ebt &hellip;<\/p>\n","protected":false},"author":5,"featured_media":0,"comment_status":"open","ping_status":"open","sticky":false,"template":"","format":"standard","meta":{"footnotes":""},"categories":[37],"tags":[],"class_list":["post-21410","post","type-post","status-publish","format-standard","","category-politike"],"_links":{"self":[{"href":"https:\/\/rdnews.al\/index.php\/wp-json\/wp\/v2\/posts\/21410","targetHints":{"allow":["GET"]}}],"collection":[{"href":"https:\/\/rdnews.al\/index.php\/wp-json\/wp\/v2\/posts"}],"about":[{"href":"https:\/\/rdnews.al\/index.php\/wp-json\/wp\/v2\/types\/post"}],"author":[{"embeddable":true,"href":"https:\/\/rdnews.al\/index.php\/wp-json\/wp\/v2\/users\/5"}],"replies":[{"embeddable":true,"href":"https:\/\/rdnews.al\/index.php\/wp-json\/wp\/v2\/comments?post=21410"}],"version-history":[{"count":0,"href":"https:\/\/rdnews.al\/index.php\/wp-json\/wp\/v2\/posts\/21410\/revisions"}],"wp:attachment":[{"href":"https:\/\/rdnews.al\/index.php\/wp-json\/wp\/v2\/media?parent=21410"}],"wp:term":[{"taxonomy":"category","embeddable":true,"href":"https:\/\/rdnews.al\/index.php\/wp-json\/wp\/v2\/categories?post=21410"},{"taxonomy":"post_tag","embeddable":true,"href":"https:\/\/rdnews.al\/index.php\/wp-json\/wp\/v2\/tags?post=21410"}],"curies":[{"name":"wp","href":"https:\/\/api.w.org\/{rel}","templated":true}]}}