{"id":21444,"date":"2022-08-24T11:37:50","date_gmt":"2022-08-24T11:37:50","guid":{"rendered":"https:\/\/rdnews.al\/?p=21444"},"modified":"2022-08-24T11:37:50","modified_gmt":"2022-08-24T11:37:50","slug":"ferdinand-tregon-arsyen-pse-ronaldo-injoroi-carragher","status":"publish","type":"post","link":"https:\/\/rdnews.al\/index.php\/2022\/08\/24\/ferdinand-tregon-arsyen-pse-ronaldo-injoroi-carragher\/","title":{"rendered":"Ferdinand tregon arsyen pse Ronaldo injoroi Carragher"},"content":{"rendered":"<p>Cristiano Ronaldo ka\u00a0l\u00ebn\u00eb nj\u00eb imazh p\u00ebr t&#8217;u mbajtur mend para ndeshjes mes\u00a0Manchester United\u00a0dhe\u00a0Liverpool\u00a0t\u00eb h\u00ebn\u00ebn.\u00a0Portugezi, i cili\u00a0nuk startoi\u00a0kund\u00ebr &#8216;Reds&#8217;, iu afrua grupit ku komentator\u00ebt e \u2018Sky Sports\u2019 po flisnin p\u00ebr ndeshjen dhe p\u00ebrsh\u00ebndeti t\u00eb gjith\u00eb p\u00ebrve\u00e7\u00a0Jamie Carragher.\u00a0Ish-legjenda e Liverpoolit kishte kritikuar disa aspekte t\u00eb portugezit n\u00eb dit\u00ebt para sfid\u00ebs, ndaj dhe CR7 iu drejtua vet\u00ebm\u00a0Gary Neville\u00a0dhe\u00a0Roy Keane.<\/p>\n<p>Cristiano Ronaldo donte ta b\u00ebnte t\u00eb qart\u00eb, se ai ishte i m\u00ebrzitur me Carragher dhe k\u00ebt\u00eb e b\u00ebri para t\u00eb gjith\u00ebve.\u00a0Rio Ferdinand, i cili pjes\u00ebn m\u00eb t\u00eb madhe t\u00eb karrier\u00ebs e kaloi te Manchester United dhe tani komenton ndeshjet,\u00a0u p\u00ebrpoq t\u00eb gjente nj\u00eb shpjegim\u00a0p\u00ebr at\u00eb q\u00eb kishte ndodhur, p\u00ebr arsyen pse portugezi e kishte injoruar Carragher.<\/p>\n<p>\u201cDuke e njohur Cristiano Ronaldon, them se Jamie\u00a0Carragher ka folur gj\u00ebra t\u00eb tilla q\u00eb ai nuk i ka p\u00eblqyer, ndaj ai ka dashur ta \u2018turp\u00ebroj\u00eb\u2019\u00a0drejtp\u00ebrdrejt n\u00eb televizion,- tha Ferdinand p\u00ebr \u2018FIVE\u2019. &#8211; Cristiano \u00ebsht\u00eb shum\u00eb llogarit\u00ebs, ai \u00ebsht\u00eb shum\u00eb i vet\u00ebdijsh\u00ebm p\u00ebr at\u00eb q\u00eb po ndodh, ai nuk \u00ebsht\u00eb si dikush q\u00eb ulet n\u00eb sht\u00ebpi dhe shk\u00ebputet nga gjith\u00e7ka\u201d,- vazhdoi Ferdinand.<\/p>\n<p>Cristiano Ronaldo \u00ebsht\u00eb n\u00eb dijeni t\u00eb gjith\u00e7kaje q\u00eb thuhet p\u00ebr t\u00eb.\u00a0Pa shkuar m\u00eb tej, pak dit\u00eb m\u00eb par\u00eb ai p\u00ebrdori rrjetet sociale, konkretisht profilin e tij n\u00eb Instagram, p\u00ebr t&#8217;iu p\u00ebrgjigjur nj\u00eb fansi, \u00e7ka shp\u00ebrthyen thashethemet p\u00ebr t\u00eb ardhmen e tij jasht\u00eb Manchester United.<\/p>\n<p>\u201cDo ta din\u00eb t\u00eb v\u00ebrtet\u00ebn kur t\u00eb jap nj\u00eb intervist\u00eb pas disa jav\u00ebsh. Mediat thon\u00eb g\u00ebnjeshtra.\u00a0 Un\u00eb kam nj\u00eb fletore dhe\u00a0n\u00eb muajt e fundit nga 100 lajmet q\u00eb kam shkruar, vet\u00ebm pes\u00eb ishin t\u00eb sakta.\u00a0Imagjinoni si gj\u00ebrat jan\u00eb. Mbajeni k\u00ebt\u00eb k\u00ebshill\u00eb,&#8221; tha CR7.<\/p>\n<p>Megjithat\u00eb, portugezi mundohet t\u00eb \u2018p\u00ebrfitoj\u00eb\u2019 nga gjith\u00e7ka q\u00eb thuhet p\u00ebr t\u00eb.\u00a0\u201cUn\u00eb e kam th\u00ebn\u00eb gjithmon\u00eb, ai\u00a0p\u00ebrdor mediat sociale dhe komentet e njer\u00ebzve si l\u00ebnd\u00eb djeg\u00ebse\u00a0p\u00ebr ta shtyr\u00eb veten t\u00eb jet\u00eb m\u00eb i miri, e ka b\u00ebr\u00eb q\u00eb kur ishte f\u00ebmij\u00eb\u201d,- thot\u00eb Ferdinand, i cili vazhdon: \u201cAi njihte k\u00ebdo q\u00eb fliste keq p\u00ebr t\u00eb n\u00eb mediat. Nj\u00eb her\u00eb m\u00eb tha p\u00ebr Gary Linekerin sepse \u00ebsht\u00eb nj\u00eb fans i madh i Messit. Ai di gjith\u00e7ka&#8221;.<\/p>\n","protected":false},"excerpt":{"rendered":"<p>Cristiano Ronaldo ka\u00a0l\u00ebn\u00eb nj\u00eb imazh p\u00ebr t&#8217;u mbajtur mend para ndeshjes mes\u00a0Manchester United\u00a0dhe\u00a0Liverpool\u00a0t\u00eb h\u00ebn\u00ebn.\u00a0Portugezi, i cili\u00a0nuk startoi\u00a0kund\u00ebr &#8216;Reds&#8217;, iu afrua grupit ku komentator\u00ebt e \u2018Sky Sports\u2019 po flisnin p\u00ebr ndeshjen dhe p\u00ebrsh\u00ebndeti t\u00eb gjith\u00eb p\u00ebrve\u00e7\u00a0Jamie Carragher.\u00a0Ish-legjenda e Liverpoolit kishte kritikuar disa aspekte t\u00eb portugezit n\u00eb dit\u00ebt para sfid\u00ebs, ndaj dhe CR7 iu drejtua vet\u00ebm\u00a0Gary Neville\u00a0dhe\u00a0Roy &hellip;<\/p>\n","protected":false},"author":4,"featured_media":21333,"comment_status":"open","ping_status":"open","sticky":false,"template":"","format":"standard","meta":{"footnotes":""},"categories":[39],"tags":[],"class_list":["post-21444","post","type-post","status-publish","format-standard","has-post-thumbnail","","category-sport"],"_links":{"self":[{"href":"https:\/\/rdnews.al\/index.php\/wp-json\/wp\/v2\/posts\/21444","targetHints":{"allow":["GET"]}}],"collection":[{"href":"https:\/\/rdnews.al\/index.php\/wp-json\/wp\/v2\/posts"}],"about":[{"href":"https:\/\/rdnews.al\/index.php\/wp-json\/wp\/v2\/types\/post"}],"author":[{"embeddable":true,"href":"https:\/\/rdnews.al\/index.php\/wp-json\/wp\/v2\/users\/4"}],"replies":[{"embeddable":true,"href":"https:\/\/rdnews.al\/index.php\/wp-json\/wp\/v2\/comments?post=21444"}],"version-history":[{"count":0,"href":"https:\/\/rdnews.al\/index.php\/wp-json\/wp\/v2\/posts\/21444\/revisions"}],"wp:featuredmedia":[{"embeddable":true,"href":"https:\/\/rdnews.al\/index.php\/wp-json\/wp\/v2\/media\/21333"}],"wp:attachment":[{"href":"https:\/\/rdnews.al\/index.php\/wp-json\/wp\/v2\/media?parent=21444"}],"wp:term":[{"taxonomy":"category","embeddable":true,"href":"https:\/\/rdnews.al\/index.php\/wp-json\/wp\/v2\/categories?post=21444"},{"taxonomy":"post_tag","embeddable":true,"href":"https:\/\/rdnews.al\/index.php\/wp-json\/wp\/v2\/tags?post=21444"}],"curies":[{"name":"wp","href":"https:\/\/api.w.org\/{rel}","templated":true}]}}