{"id":21547,"date":"2022-08-25T11:53:24","date_gmt":"2022-08-25T11:53:24","guid":{"rendered":"https:\/\/rdnews.al\/?p=21547"},"modified":"2022-08-25T11:54:43","modified_gmt":"2022-08-25T11:54:43","slug":"inceneratoret-pd-5-pyetje-per-bashkine-durres-dhe-spak","status":"publish","type":"post","link":"https:\/\/rdnews.al\/index.php\/2022\/08\/25\/inceneratoret-pd-5-pyetje-per-bashkine-durres-dhe-spak\/","title":{"rendered":"Incenerator\u00ebt\/ PD: 5 pyetje p\u00ebr Bashkin\u00eb Durr\u00ebs dhe SPAK"},"content":{"rendered":"<p><strong>Deklarat\u00eb e deputetes s\u00eb Partis\u00eb Demokratike, Ina Zhupa<\/strong><\/p>\n<p>Tentakulat e mega-afer\u00ebs s\u00eb incenerator\u00ebve shtrihen n\u00eb qytete m\u00eb t\u00eb m\u00ebdha t\u00eb Shqip\u00ebris\u00eb, n\u00eb stilin tipik t\u00eb organizatave mafioze, n\u00eb nj\u00eb skem\u00eb t\u00eb kopjuar pik\u00eb e presje nga Camorra.<\/p>\n<p>Nga Tirana n\u00eb Elbasan dhe nga Fieri n\u00eb Durr\u00ebs. Qyteti bregdetar, i kapur prej nj\u00eb dekade nga nj\u00eb klan mizor, edhe pse nuk ka nj\u00eb incinerator \u00ebsht\u00eb futur n\u00eb vallen q\u00eb hidhet mbi shpin\u00ebn e taksapaguesve shqiptar\u00eb.<\/p>\n<p>Edhe pse landfilli i Porto Romanos parashikohej t\u00eb mbyllej, ku nj\u00eb tjet\u00ebr afer\u00eb mori rrug\u00eb, asnj\u00eb mas\u00eb reaguese nuk u mor nga Bashkia. Zgjidhja u gjet te transferimi n\u00eb Tiran\u00eb, n\u00eb territorin e inceneratorit t\u00eb Bashkis\u00eb s\u00eb kryeqytetit. Emirjana Sako p\u00ebr k\u00ebt\u00eb mesa duket edhe u p\u00ebrzgjodh si kandidate p\u00ebr kryetare bashkie, pasi po i kryente porosit\u00eb shum\u00eb mir\u00eb sa koh\u00eb ishte n\u00eb detyr\u00eb n\u00eb k\u00ebt\u00eb funksion.<\/p>\n<p>Edhe sot kemi pes\u00eb pyetje p\u00ebr t\u00eb gjith\u00eb t\u00eb interesuarit, p\u00ebrfshir\u00eb k\u00ebtu ata pas Sakos dhe ata pas SPAK-ut:<\/p>\n<p>1- Si ka mund\u00ebsi q\u00eb edhe pse parashikohej me vendim q\u00eb do mbyllej Porto Ramano, kryetarja e Bashkis\u00eb Durr\u00ebs Emirjana Sako nuk gjeti asgj\u00eb zgjidhje se ku do shkonin mbetjet p\u00ebr nj\u00eb vit e gjys\u00ebm?<\/p>\n<p>2- A u la me q\u00ebllim q\u00eb t\u00eb shkaktohej katastrof\u00eb mjedisore n\u00eb Durr\u00ebs, q\u00eb t\u00eb gjendej zgjidhja te \u201cincenetarori\u201d q\u00eb nuk ekziston i Tiran\u00ebs?<\/p>\n<p>3- Si ka mund\u00ebsi q\u00eb kamion\u00ebt edhe mbetjet e Durr\u00ebsit vinin p\u00ebrpara se t\u00eb kishte nj\u00eb marr\u00ebveshje zyrtare edhe shkarkonin mbetjet n\u00eb landfillin, incenerator fantaz\u00ebm t\u00eb Sharr\u00ebs?<\/p>\n<p>4- Si eshte e mundur qe, duke pasur ne planin lokal te menaxhimit te mbetjeve te Bashkise Durres, 3 skenar\u00eb te mundshem per menaxhimin e mbetjeve si Landifilli i Sukthit apo i Gjepalajt, u zgjodh skenari me koston me te shtrenjte ne inceneratorin fantazem te Tiranes?<\/p>\n<p>5-Kush i ka b\u00ebr\u00eb negociatat nga ana e Bashkis\u00eb Durr\u00ebs me Landfillin e Sharr\u00ebs, dhe kush ka qen\u00eb nga pala tjet\u00ebr? Si \u00ebsht\u00eb arritur pagesa p\u00ebrfundimtare kur jan\u00eb ccuar mbetje me zero lek p\u00ebrpara kontrat\u00ebs duke e paracaktuar se cil\u00ebn zgjidhje do b\u00ebnte Bashkia?<\/p>\n<p>Ne do t\u00eb ngulim k\u00ebmb\u00eb, me pyetje dhe k\u00ebrkes\u00eb llogarie, deri kur dikush n\u00eb SPAK t\u00eb l\u00ebviz\u00eb dor\u00ebn p\u00ebr ta v\u00ebn\u00eb te plaga e 430 milion eurove dhe tek p\u00ebrgjegj\u00ebsit e v\u00ebrtet\u00eb.<\/p>\n<p>Lefteri \u00ebsht\u00eb n\u00eb burg, por koka q\u00eb qelbet vjedhje luan kryegardianin e p\u00ebrgjithsh\u00ebm t\u00eb Shqip\u00ebris\u00eb.<\/p>\n<p>Me firm\u00ebn e tij ndodhin t\u00eb gjitha.<\/p>\n","protected":false},"excerpt":{"rendered":"<p>Deklarat\u00eb e deputetes s\u00eb Partis\u00eb Demokratike, Ina Zhupa Tentakulat e mega-afer\u00ebs s\u00eb incenerator\u00ebve shtrihen n\u00eb qytete m\u00eb t\u00eb m\u00ebdha t\u00eb Shqip\u00ebris\u00eb, n\u00eb stilin tipik t\u00eb organizatave mafioze, n\u00eb nj\u00eb skem\u00eb t\u00eb kopjuar pik\u00eb e presje nga Camorra. Nga Tirana n\u00eb Elbasan dhe nga Fieri n\u00eb Durr\u00ebs. Qyteti bregdetar, i kapur prej nj\u00eb dekade nga nj\u00eb &hellip;<\/p>\n","protected":false},"author":4,"featured_media":0,"comment_status":"open","ping_status":"open","sticky":false,"template":"","format":"standard","meta":{"footnotes":""},"categories":[37],"tags":[],"class_list":["post-21547","post","type-post","status-publish","format-standard","","category-politike"],"_links":{"self":[{"href":"https:\/\/rdnews.al\/index.php\/wp-json\/wp\/v2\/posts\/21547","targetHints":{"allow":["GET"]}}],"collection":[{"href":"https:\/\/rdnews.al\/index.php\/wp-json\/wp\/v2\/posts"}],"about":[{"href":"https:\/\/rdnews.al\/index.php\/wp-json\/wp\/v2\/types\/post"}],"author":[{"embeddable":true,"href":"https:\/\/rdnews.al\/index.php\/wp-json\/wp\/v2\/users\/4"}],"replies":[{"embeddable":true,"href":"https:\/\/rdnews.al\/index.php\/wp-json\/wp\/v2\/comments?post=21547"}],"version-history":[{"count":0,"href":"https:\/\/rdnews.al\/index.php\/wp-json\/wp\/v2\/posts\/21547\/revisions"}],"wp:attachment":[{"href":"https:\/\/rdnews.al\/index.php\/wp-json\/wp\/v2\/media?parent=21547"}],"wp:term":[{"taxonomy":"category","embeddable":true,"href":"https:\/\/rdnews.al\/index.php\/wp-json\/wp\/v2\/categories?post=21547"},{"taxonomy":"post_tag","embeddable":true,"href":"https:\/\/rdnews.al\/index.php\/wp-json\/wp\/v2\/tags?post=21547"}],"curies":[{"name":"wp","href":"https:\/\/api.w.org\/{rel}","templated":true}]}}