{"id":21567,"date":"2022-08-25T17:23:23","date_gmt":"2022-08-25T17:23:23","guid":{"rendered":"https:\/\/rdnews.al\/?p=21567"},"modified":"2022-08-25T17:23:23","modified_gmt":"2022-08-25T17:23:23","slug":"berisha-spak-shish-dhe-autoriteti-i-dosjeve-ne-sherbim-te-rames","status":"publish","type":"post","link":"https:\/\/rdnews.al\/index.php\/2022\/08\/25\/berisha-spak-shish-dhe-autoriteti-i-dosjeve-ne-sherbim-te-rames\/","title":{"rendered":"Berisha: SPAK, SHISH dhe Autoriteti i Dosjeve n\u00eb sh\u00ebrbim t\u00eb Ram\u00ebs!"},"content":{"rendered":"<p>Kryetari i PD, Sali Berisha komentoi nga Pogradeci nisjen e hetimeve t\u00eb SPAK ndaj Ilir Met\u00ebs. Berisha i cil\u00ebsoi l\u00ebvizjet e SPAK n\u00eb sh\u00ebrbim t\u00eb Ram\u00ebs.<\/p>\n<p>&#8220;Gjith\u00e7ka n\u00eb kuadrin e shnd\u00ebrrimit t\u00eb SPAK, SHISH-it, Autoritetit t\u00eb Dosjeve n\u00eb anekse t\u00eb zyr\u00ebs s\u00eb Edi Ram\u00ebs. Kjo \u00ebsht\u00eb, gjith\u00e7ka zhvillohet n\u00eb kuad\u00ebr t\u00eb shtetit monist\u201d, tha Berisha.<\/p>\n<p>P\u00ebr propozimet e PS p\u00ebr t\u00eb p\u00ebrjashtuar ish-sigurimsat nga parlamenti dhe n\u00ebse do e mb\u00ebshtes\u00eb k\u00ebt\u00eb ligj n\u00eb parlament, Berisha u shpreh se PD do jet\u00eb gjithnj\u00eb p\u00ebr lustracionin.<\/p>\n<p>\u201cLigjin e lustracionit e kemi votuar dy her\u00eb, e ka kund\u00ebrshtuar PS-ja. E votoi n\u00eb 2008 dhe PS e \u00e7oi n\u00eb Kushtetuese at\u00eb ligj. PD do jet\u00eb gjithnj\u00eb p\u00ebr lustracionin.<\/p>\n<p>Rama \u00ebsht\u00eb n\u00eb nj\u00eb panik t\u00eb tmerrsh\u00ebm dhe mendon se duke p\u00ebrdorur procedura ligjore kund\u00ebr kund\u00ebrshtar\u00ebve do shp\u00ebtoj\u00eb, por nuk shp\u00ebton\u201d, tha Berisha.<\/p>\n","protected":false},"excerpt":{"rendered":"<p>Kryetari i PD, Sali Berisha komentoi nga Pogradeci nisjen e hetimeve t\u00eb SPAK ndaj Ilir Met\u00ebs. Berisha i cil\u00ebsoi l\u00ebvizjet e SPAK n\u00eb sh\u00ebrbim t\u00eb Ram\u00ebs. &#8220;Gjith\u00e7ka n\u00eb kuadrin e shnd\u00ebrrimit t\u00eb SPAK, SHISH-it, Autoritetit t\u00eb Dosjeve n\u00eb anekse t\u00eb zyr\u00ebs s\u00eb Edi Ram\u00ebs. Kjo \u00ebsht\u00eb, gjith\u00e7ka zhvillohet n\u00eb kuad\u00ebr t\u00eb shtetit monist\u201d, tha Berisha. &hellip;<\/p>\n","protected":false},"author":4,"featured_media":21568,"comment_status":"open","ping_status":"open","sticky":false,"template":"","format":"standard","meta":{"footnotes":""},"categories":[40],"tags":[],"class_list":["post-21567","post","type-post","status-publish","format-standard","has-post-thumbnail","","category-aktualitet"],"_links":{"self":[{"href":"https:\/\/rdnews.al\/index.php\/wp-json\/wp\/v2\/posts\/21567","targetHints":{"allow":["GET"]}}],"collection":[{"href":"https:\/\/rdnews.al\/index.php\/wp-json\/wp\/v2\/posts"}],"about":[{"href":"https:\/\/rdnews.al\/index.php\/wp-json\/wp\/v2\/types\/post"}],"author":[{"embeddable":true,"href":"https:\/\/rdnews.al\/index.php\/wp-json\/wp\/v2\/users\/4"}],"replies":[{"embeddable":true,"href":"https:\/\/rdnews.al\/index.php\/wp-json\/wp\/v2\/comments?post=21567"}],"version-history":[{"count":0,"href":"https:\/\/rdnews.al\/index.php\/wp-json\/wp\/v2\/posts\/21567\/revisions"}],"wp:featuredmedia":[{"embeddable":true,"href":"https:\/\/rdnews.al\/index.php\/wp-json\/wp\/v2\/media\/21568"}],"wp:attachment":[{"href":"https:\/\/rdnews.al\/index.php\/wp-json\/wp\/v2\/media?parent=21567"}],"wp:term":[{"taxonomy":"category","embeddable":true,"href":"https:\/\/rdnews.al\/index.php\/wp-json\/wp\/v2\/categories?post=21567"},{"taxonomy":"post_tag","embeddable":true,"href":"https:\/\/rdnews.al\/index.php\/wp-json\/wp\/v2\/tags?post=21567"}],"curies":[{"name":"wp","href":"https:\/\/api.w.org\/{rel}","templated":true}]}}